{"id":13682,"date":"2025-01-27T16:21:34","date_gmt":"2025-01-27T16:21:34","guid":{"rendered":"https:\/\/ladepeche.mr\/?p=13682"},"modified":"2025-01-27T16:33:32","modified_gmt":"2025-01-27T16:33:32","slug":"afrique-le-president-ghazouani-se-dit-preoccupe-par-la-situation-dans-lesr-de-la-rdc","status":"publish","type":"post","link":"https:\/\/ladepeche.mr\/?p=13682","title":{"rendered":"Afrique\u00a0: le pr\u00e9sident Ghazouani se dit pr\u00e9occup\u00e9 par la situation \u00e0 l\u2019Est de la RDC"},"content":{"rendered":"<p>Le pr\u00e9sident mauritanien et pr\u00e9sident en exercice de l\u2019Union Africaine s\u2019est vivement pr\u00e9occup\u00e9 par l\u2019\u00e9volution de la situation \u00e0 l\u2019Est de la R\u00e9publique D\u00e9mocratique du Congo. Depuis plusieurs jours, en effet, les combats font rage \u00e0 Goma, chef-lieu de la province du Nord-Kivu dans l&#8217;est de la R\u00e9publique d\u00e9mocratique du Congo, entre les rebelles du M23 et les autorit\u00e9s de ce pays, au grand dam des populations locales prises entre deux feux. Une situation humanitaire qui interpelle le pr\u00e9sident de l\u2019Ua. Le pr\u00e9sident mauritanien qui s&#8217;exprimait sur sa page &#8220;X &#8221; a encore ajout\u00e9 \u00abJ\u2019appelle instamment au respect du droit international humanitaire, \u00e0 l\u2019arr\u00eat imm\u00e9diat des hostilit\u00e9s et \u00e0 la reprise des n\u00e9gociations\u00bb a exhort\u00e9 le pr\u00e9sident mauritanien afin de ramener le calme dans cette partie meurtrie de la RDC.<\/p>\n<p>La situation sur place \u00e0 Goma et ses alentours est d\u00e9crite comme catastrophique avec de milliers de civils morts ou bless\u00e9s. Les h\u00f4pitaux seraient d\u00e9bord\u00e9s alors que les armes des bellig\u00e9rants continue de cr\u00e9piter.<\/p>\n<p>Le pr\u00e9sident mauritanien, Mohamed Ould Ghazouani, avait, rappelle-t-on, re\u00e7u, s\u00e9par\u00e9ment, \u00e0 Nouakchott le pr\u00e9sident Congolais, F Tshis\u00e9k\u00e9di, en mars 2024, et avant lui en d\u00e9cembre 2023 le pr\u00e9sident rwandais Paul Kagam\u00e9 dont le r\u00e9gime est soup\u00e7onn\u00e9 soutenir le M23.<\/p>\n","protected":false},"excerpt":{"rendered":"<p>Le pr\u00e9sident mauritanien et pr\u00e9sident en exercice de l\u2019Union Africaine s\u2019est vivement pr\u00e9occup\u00e9 par l\u2019\u00e9volution de la situation \u00e0 l\u2019Est de la R\u00e9publique D\u00e9mocratique du Congo. Depuis plusieurs jours, en effet, les combats font rage \u00e0 Goma, chef-lieu de la province du Nord-Kivu dans l&#8217;est de la R\u00e9publique d\u00e9mocratique du Congo, entre les rebelles du &hellip;<\/p>\n","protected":false},"author":2,"featured_media":8417,"comment_status":"open","ping_status":"open","sticky":false,"template":"","format":"standard","meta":{"footnotes":""},"categories":[18,29],"tags":[],"class_list":["post-13682","post","type-post","status-publish","format-standard","has-post-thumbnail","hentry","category-actualites","category-monde"],"_links":{"self":[{"href":"https:\/\/ladepeche.mr\/index.php?rest_route=\/wp\/v2\/posts\/13682","targetHints":{"allow":["GET"]}}],"collection":[{"href":"https:\/\/ladepeche.mr\/index.php?rest_route=\/wp\/v2\/posts"}],"about":[{"href":"https:\/\/ladepeche.mr\/index.php?rest_route=\/wp\/v2\/types\/post"}],"author":[{"embeddable":true,"href":"https:\/\/ladepeche.mr\/index.php?rest_route=\/wp\/v2\/users\/2"}],"replies":[{"embeddable":true,"href":"https:\/\/ladepeche.mr\/index.php?rest_route=%2Fwp%2Fv2%2Fcomments&post=13682"}],"version-history":[{"count":3,"href":"https:\/\/ladepeche.mr\/index.php?rest_route=\/wp\/v2\/posts\/13682\/revisions"}],"predecessor-version":[{"id":13685,"href":"https:\/\/ladepeche.mr\/index.php?rest_route=\/wp\/v2\/posts\/13682\/revisions\/13685"}],"wp:featuredmedia":[{"embeddable":true,"href":"https:\/\/ladepeche.mr\/index.php?rest_route=\/wp\/v2\/media\/8417"}],"wp:attachment":[{"href":"https:\/\/ladepeche.mr\/index.php?rest_route=%2Fwp%2Fv2%2Fmedia&parent=13682"}],"wp:term":[{"taxonomy":"category","embeddable":true,"href":"https:\/\/ladepeche.mr\/index.php?rest_route=%2Fwp%2Fv2%2Fcategories&post=13682"},{"taxonomy":"post_tag","embeddable":true,"href":"https:\/\/ladepeche.mr\/index.php?rest_route=%2Fwp%2Fv2%2Ftags&post=13682"}],"curies":[{"name":"wp","href":"https:\/\/api.w.org\/{rel}","templated":true}]}}