{"id":13691,"date":"2025-01-28T01:52:43","date_gmt":"2025-01-28T01:52:43","guid":{"rendered":"https:\/\/ladepeche.mr\/?p=13691"},"modified":"2025-01-28T18:48:44","modified_gmt":"2025-01-28T18:48:44","slug":"mission-300-sommet-africain-sur-lenergie-le-continent-va-connecter-300-millions-de-personnes-a-lelectricite-dici-2030-dans-le-c","status":"publish","type":"post","link":"https:\/\/ladepeche.mr\/?p=13691","title":{"rendered":"\u201cMission\u202f300\u201d Sommet africain sur l\u2019\u00e9nergie\u00a0: le continent va connecter 300\u202fmillions de personnes\u00a0\u00e0 l\u2019\u00e9lectricit\u00e9 d\u2019ici 2030&#8230;"},"content":{"rendered":"<p><strong>\u2022\u00a0<\/strong><em>La Banque africaine de d\u00e9veloppement et la Banque mondiale s\u2019engagent dans une collaboration sans pr\u00e9c\u00e9dent pour transformer l\u2019acc\u00e8s \u00e0 l\u2019\u00e9nergie en Afrique.<\/em><\/p>\n<p><strong>\u2022\u00a0<\/strong><em>Un fort accent mis sur les solutions de cuisson propre pour \u00e9viter 600<\/em><em>\u2009000<\/em><em>\u202fd<\/em><em>\u00e9c<\/em><em>\u00e8s par an dus\u00a0<\/em><em>\u00e0 l<\/em><em>\u2019exposition\u00a0<\/em><em>\u00e0 la fum<\/em><em>\u00e9e.<\/em><\/p>\n<p><strong>Dar es Salaam, le 27<\/strong><strong>\u202fjanvier 2025\u00a0<\/strong><strong>\u2014\u00a0<\/strong>Raccorder 300\u202fmillions d\u2019Africains \u00e0 l\u2019\u00e9lectricit\u00e9 dans les cinq prochaines ann\u00e9es est \u00e0 port\u00e9e de main gr\u00e2ce \u00e0 un effort de collaboration et \u00e0 un engagement de mise en \u0153uvre, ont appris lundi les participants au Sommet africain sur l\u2019\u00e9nergie \u00e0 Dar es Salam, en Tanzanie.<\/p>\n<p>Le sommet est organis\u00e9 par le gouvernement tanzanien et \u201cMission\u202f300\u201d, une collaboration sans pr\u00e9c\u00e9dent entre le Groupe de la Banque africaine de d\u00e9veloppement, le Groupe de la Banque mondiale et des partenaires mondiaux, pour combler le d\u00e9ficit d\u2019acc\u00e8s \u00e0 l\u2019\u00e9lectricit\u00e9 en Afrique en utilisant de nouvelles technologies et des financements innovants.<\/p>\n<p>Pr\u00e8s de 600\u202fmillions d\u2019Africains sont priv\u00e9s d\u2019\u00e9lectricit\u00e9, une ressource essentielle au d\u00e9veloppement \u00e9conomique et \u00e0 la cr\u00e9ation d\u2019emplois.<\/p>\n<p>S\u2019exprimant lors de la premi\u00e8re table ronde de la journ\u00e9e d\u2019ouverture de ce sommet de deux jours, le pr\u00e9sident de la Banque africaine de d\u00e9veloppement, Akinwumi Adesina, a donn\u00e9 le ton de l\u2019action et de la mise en \u0153uvre, en mettant l\u2019accent sur des solutions pratiques pour atteindre cet objectif ambitieux, allant des r\u00e9formes r\u00e9glementaires \u00e0 l\u2019engagement du secteur priv\u00e9. Il a appel\u00e9 \u00e0 la participation active de diverses parties prenantes, notamment des institutions bilat\u00e9rales et multilat\u00e9rales, des entit\u00e9s du secteur priv\u00e9, des organisations de la soci\u00e9t\u00e9 civile et des fondations.<\/p>\n<p>\u00ab\u2009C\u2019est une mission essentielle\u2026 Notre mission ici est de dire que nous avons besoin de tout le monde\u2026 Il ne s\u2019agit pas de nous, mais de ceux qui ne sont pas l\u00e0, et nous devons \u00e9couter et entendre et nous assurer que ce sommet est ax\u00e9 sur l\u2019action\u2026 Nous ne pouvons pas faire des affaires \u00e0 la Mickey Mouse\u2026 Nous ne pouvons pas laisser perdurer une situation o\u00f9 l\u2019Afrique n\u2019a pas assez d\u2019\u00e9lectricit\u00e9\u2009\u00bb, a d\u00e9clar\u00e9 M.\u202fAdesina devant l\u2019auditoire compos\u00e9 de plusieurs ministres africains de l\u2019\u00c9nergie, des partenaires internationaux au d\u00e9veloppement et des titans du secteur priv\u00e9, des organisations de la soci\u00e9t\u00e9 civile et des fondations qui \u00a0 participent \u00e0 la premi\u00e8re journ\u00e9e du sommet.<\/p>\n<p>&nbsp;<\/p>\n<p>La deuxi\u00e8me journ\u00e9e du sommet verra la participation de plusieurs chefs d\u2019\u00c9tat de toute l\u2019Afrique, qui se joindront \u00e0 plus de 1\u2009500\u202fautres participants. Ensemble, ils traceront la voie de l\u2019Afrique vers l\u2019acc\u00e8s universel \u00e0 l\u2019\u00e9nergie.<\/p>\n<p>\u00ab\u2009La voie \u00e0 suivre pour atteindre ces 300\u202fmillions de personnes est toute trac\u00e9e\u2009\u00bb, a soulign\u00e9 M.\u202fAdesina, distinguant l\u2019initiative des efforts pr\u00e9c\u00e9dents. Il a soulign\u00e9 que ce programme vise \u00e0 transformer le vaste potentiel de l\u2019Afrique en r\u00e9alit\u00e9, gr\u00e2ce \u00e0 une \u00e9lectrification compl\u00e8te.<\/p>\n<p>\u00ab\u2009Gr\u00e2ce \u00e0 l\u2019\u00e9lectricit\u00e9, l\u2019Afrique ne se contentera pas de r\u00e9pondre aux attentes, mais les d\u00e9passera, devenant un continent comp\u00e9titif et prosp\u00e8re\u2009\u00bb, a-t-il ajout\u00e9.<\/p>\n<p>La \u201cMission\u202f300\u201d comprendra de solides mesures de responsabilisation, notamment des syst\u00e8mes de suivi et d\u2019\u00e9valuation propres \u00e0 chaque pays et l\u2019Indice de r\u00e9glementation de l\u2019\u00e9nergie en Afrique, pour suivre les progr\u00e8s accomplis. \u00ab\u2009Il s\u2019agit de rendre des comptes, d\u2019\u00eatre transparent et d\u2019obtenir des r\u00e9sultats tout en permettant \u00e0 l\u2019Afrique de se d\u00e9velopper avec fiert\u00e9\u2009\u00bb, a d\u00e9clar\u00e9 M.\u202fAdesina.<\/p>\n<p>Il a soulign\u00e9 les effets d\u00e9vastateurs des m\u00e9thodes de cuisson traditionnelles bas\u00e9es sur le bois de chauffage et le charbon de bois, qui provoquent chaque ann\u00e9e environ 600\u2009000\u202fd\u00e9c\u00e8s dus \u00e0 l\u2019exposition \u00e0 la fum\u00e9e, ces d\u00e9c\u00e8s \u00e9tant r\u00e9partis \u00e9quitablement entre les femmes et les enfants.<\/p>\n<p>La crise va au-del\u00e0 de l\u2019acc\u00e8s \u00e0 l\u2019\u00e9nergie et affecte la durabilit\u00e9 environnementale en raison de la d\u00e9forestation et de la perte de la biodiversit\u00e9. \u00ab\u2009Il ne s\u2019agit pas seulement de transition \u00e9nerg\u00e9tique\u2009\u00bb, a d\u00e9clar\u00e9 M.\u202fAdesina. \u00ab\u2009C\u2019est une question de dignit\u00e9. L\u2019Afrique doit se d\u00e9velopper avec dignit\u00e9 et fiert\u00e9, et l\u2019acc\u00e8s \u00e0 des solutions de cuisson propre est fondamental pour r\u00e9aliser cet objectif.\u2009\u00bb Il a f\u00e9licit\u00e9 la Tanzanie d\u2019avoir \u00e9labor\u00e9 une strat\u00e9gie nationale globale pour r\u00e9soudre ce probl\u00e8me.<\/p>\n<p>Le pr\u00e9sident du Groupe de la Banque mondiale, Ajay Banga, s\u2019est montr\u00e9 optimiste quant \u00e0 l\u2019initiative, affirmant que ses objectifs ambitieux sont r\u00e9alisables gr\u00e2ce \u00e0 un travail acharn\u00e9, notamment en garantissant un environnement propice \u00e0 la participation du secteur priv\u00e9. Il a soulign\u00e9 la n\u00e9cessit\u00e9 d\u2019une pr\u00e9visibilit\u00e9 des devises, de cadres r\u00e9glementaires et de l\u2019acquisition de terres pour encourager les investissements soutenant la \u201cMission\u202f300\u201d.<\/p>\n<p>Rajiv Shah, pr\u00e9sident de la Fondation Rockefeller, a appel\u00e9 les philanthropes du monde entier \u00e0 soutenir l\u2019initiative.<\/p>\n<p>\u00ab\u2009Rejoignez-nous pour soutenir les id\u00e9es de cette initiative et les pactes nationaux que les dirigeants signeront. Ce qui est en jeu, c\u2019est l\u2019avenir des \u00e9conomies africaines, l\u2019avenir des jeunes africains et l\u2019avenir de notre monde\u2009\u00bb, a-t-il d\u00e9clar\u00e9, ajoutant que sa fondation s\u2019engageait \u00e0 verser 65\u202fmillions de dollars au programme.<\/p>\n<p>S\u2019exprimant apr\u00e8s la discussion informelle, la secr\u00e9taire g\u00e9n\u00e9rale adjointe des Nations unies, Amina Mohammed, a soulign\u00e9 que l\u2019acc\u00e8s \u00e0 l\u2019\u00e9nergie ne concerne pas seulement la fourniture d\u2019\u00e9lectricit\u00e9, mais aussi ce que cette \u00e9lectricit\u00e9 permet de connecter et de rendre possible. \u00ab\u2009Il est important que les syst\u00e8mes alimentaires occupent une place centrale dans tout cela, et qu\u2019ils soient aliment\u00e9s par l\u2019\u00e9nergie que vous raccorderez\u2009\u00bb, a-t-elle d\u00e9clar\u00e9. Mme\u202fMohammed a expliqu\u00e9 comment la connectivit\u00e9 \u00e9nerg\u00e9tique catalyserait un changement transformateur dans les communaut\u00e9s rurales, en particulier pour les femmes et les jeunes, gr\u00e2ce \u00e0 l\u2019acc\u00e8s aux services financiers num\u00e9riques, \u00e0 l\u2019\u00e9ducation en ligne et aux possibilit\u00e9s de commerce \u00e9lectronique.<\/p>\n<p>Toutefois, elle a soulign\u00e9 que la r\u00e9alisation de ces ambitions n\u00e9cessiterait une ing\u00e9nierie financi\u00e8re importante et l\u2019engagement du secteur priv\u00e9. Le secteur priv\u00e9 doit s\u2019engager et il ne le fera pas si le signal est que l\u2019environnement financier ne lui est pas favorable\u2009\u00bb, a-t-elle not\u00e9, appelant \u00e0 des r\u00e9formes des syst\u00e8mes de notation de cr\u00e9dit et de l\u2019architecture financi\u00e8re. \u00ab\u2009Lorsque l\u2019on veut mettre en place le financement de l\u2019\u00e9nergie, ce n\u2019est pas facile et cela n\u00e9cessite la pr\u00e9sence de nombreuses personnes autour de la table, parall\u00e8lement \u00e0 ce que nous faisons, la politique et la r\u00e9gulation, la conception de ces pipelines et la mise \u00e0 disposition de l\u2019argent.\u2009\u00bb<\/p>\n<p>Le sommet devrait produire deux r\u00e9sultats importants\u202f: la D\u00e9claration de Dar es Salam sur l\u2019\u00e9nergie, qui d\u00e9crira les engagements et les actions pratiques des gouvernements africains pour r\u00e9former le secteur de l\u2019\u00e9nergie, et la premi\u00e8re s\u00e9rie de pactes nationaux pour l\u2019\u00e9nergie, qui serviront de plans directeurs avec des objectifs et des calendriers sp\u00e9cifiques \u00e0 chaque pays pour la mise en \u0153uvre de r\u00e9formes essentielles.<\/p>\n<p>Source BAD<\/p>\n","protected":false},"excerpt":{"rendered":"<p>\u2022\u00a0La Banque africaine de d\u00e9veloppement et la Banque mondiale s\u2019engagent dans une collaboration sans pr\u00e9c\u00e9dent pour transformer l\u2019acc\u00e8s \u00e0 l\u2019\u00e9nergie en Afrique. \u2022\u00a0Un fort accent mis sur les solutions de cuisson propre pour \u00e9viter 600\u2009000\u202fd\u00e9c\u00e8s par an dus\u00a0\u00e0 l\u2019exposition\u00a0\u00e0 la fum\u00e9e. Dar es Salaam, le 27\u202fjanvier 2025\u00a0\u2014\u00a0Raccorder 300\u202fmillions d\u2019Africains \u00e0 l\u2019\u00e9lectricit\u00e9 dans les cinq prochaines &hellip;<\/p>\n","protected":false},"author":2,"featured_media":10121,"comment_status":"open","ping_status":"open","sticky":false,"template":"","format":"standard","meta":{"footnotes":""},"categories":[18,29,19],"tags":[],"class_list":["post-13691","post","type-post","status-publish","format-standard","has-post-thumbnail","hentry","category-actualites","category-monde","category-tribune"],"_links":{"self":[{"href":"https:\/\/ladepeche.mr\/index.php?rest_route=\/wp\/v2\/posts\/13691","targetHints":{"allow":["GET"]}}],"collection":[{"href":"https:\/\/ladepeche.mr\/index.php?rest_route=\/wp\/v2\/posts"}],"about":[{"href":"https:\/\/ladepeche.mr\/index.php?rest_route=\/wp\/v2\/types\/post"}],"author":[{"embeddable":true,"href":"https:\/\/ladepeche.mr\/index.php?rest_route=\/wp\/v2\/users\/2"}],"replies":[{"embeddable":true,"href":"https:\/\/ladepeche.mr\/index.php?rest_route=%2Fwp%2Fv2%2Fcomments&post=13691"}],"version-history":[{"count":2,"href":"https:\/\/ladepeche.mr\/index.php?rest_route=\/wp\/v2\/posts\/13691\/revisions"}],"predecessor-version":[{"id":13702,"href":"https:\/\/ladepeche.mr\/index.php?rest_route=\/wp\/v2\/posts\/13691\/revisions\/13702"}],"wp:featuredmedia":[{"embeddable":true,"href":"https:\/\/ladepeche.mr\/index.php?rest_route=\/wp\/v2\/media\/10121"}],"wp:attachment":[{"href":"https:\/\/ladepeche.mr\/index.php?rest_route=%2Fwp%2Fv2%2Fmedia&parent=13691"}],"wp:term":[{"taxonomy":"category","embeddable":true,"href":"https:\/\/ladepeche.mr\/index.php?rest_route=%2Fwp%2Fv2%2Fcategories&post=13691"},{"taxonomy":"post_tag","embeddable":true,"href":"https:\/\/ladepeche.mr\/index.php?rest_route=%2Fwp%2Fv2%2Ftags&post=13691"}],"curies":[{"name":"wp","href":"https:\/\/api.w.org\/{rel}","templated":true}]}}