{"id":13696,"date":"2025-01-28T18:40:35","date_gmt":"2025-01-28T18:40:35","guid":{"rendered":"https:\/\/ladepeche.mr\/?p=13696"},"modified":"2025-01-28T18:40:35","modified_gmt":"2025-01-28T18:40:35","slug":"maroc-etats-unis-damerique-le-secretaire-detat-americain-salue-le-leadership-du-roi-mohammed-vi-en-faveur-de-la-paix-et-de-la-securite","status":"publish","type":"post","link":"https:\/\/ladepeche.mr\/?p=13696","title":{"rendered":"Maroc-\u00c9tats Unis d\u2019Am\u00e9rique- Le secr\u00e9taire d\u2019Etat am\u00e9ricain salue le leadership du Roi Mohammed VI en faveur de la paix et de la s\u00e9curit\u00e9"},"content":{"rendered":"<p>Dans un communiqu\u00e9 diffus\u00e9 lundi \u00e0 Washington \u00e0 la suite d\u2019un entretien t\u00e9l\u00e9phonique avec le ministre des Affaires \u00e9trang\u00e8res, de la Coop\u00e9ration africaine et des Marocains r\u00e9sidant \u00e0 l\u2019\u00e9tranger, Nasser Bourita, le secr\u00e9taire d\u2019Etat US a soulign\u00e9 l&#8217;importance du partenariat strat\u00e9gique maroco-am\u00e9ricain en faveur de la paix et de la s\u00e9curit\u00e9 r\u00e9gionales et internationales, saluant le leadership de Sa Majest\u00e9 le Roi dans ce contexte.<\/p>\n<p>Les discussions entre les deux parties ont \u00e9galement port\u00e9 sur la mise en \u0153uvre de l\u2019accord de cessez-le-feu \u00e0 Gaza, la lib\u00e9ration des otages ainsi que le leadership du Maroc dans l\u2019acheminement de l&#8217;aide humanitaire aux Palestiniens, a indiqu\u00e9 le communiqu\u00e9 de la porte-parole du d\u00e9partement d\u2019Etat \u2028\u2028Le chef de la diplomatie am\u00e9ricaine a, par ailleurs, fait part de la volont\u00e9 des Etats-Unis d&#8217;intensifier la coop\u00e9ration avec le Maroc pour faire progresser les int\u00e9r\u00eats communs dans la r\u00e9gion et mettre fin aux conflits, notamment dans le cadre des Accords d&#8217;Abraham.<\/p>\n<p>Au cours de cet entretien, MM. Rubio et Bourita ont, en outre, insist\u00e9 sur l\u2019importance du renforcement des \u00e9changes commerciaux et des investissements entre les deux pays au b\u00e9n\u00e9fice des deux peuples, conclut le communiqu\u00e9 du d\u00e9partement d\u2019Etat.<\/p>\n<p>(m\u00e9dia)<\/p>\n","protected":false},"excerpt":{"rendered":"<p>Dans un communiqu\u00e9 diffus\u00e9 lundi \u00e0 Washington \u00e0 la suite d\u2019un entretien t\u00e9l\u00e9phonique avec le ministre des Affaires \u00e9trang\u00e8res, de la Coop\u00e9ration africaine et des Marocains r\u00e9sidant \u00e0 l\u2019\u00e9tranger, Nasser Bourita, le secr\u00e9taire d\u2019Etat US a soulign\u00e9 l&#8217;importance du partenariat strat\u00e9gique maroco-am\u00e9ricain en faveur de la paix et de la s\u00e9curit\u00e9 r\u00e9gionales et internationales, saluant &hellip;<\/p>\n","protected":false},"author":2,"featured_media":13697,"comment_status":"open","ping_status":"open","sticky":false,"template":"","format":"standard","meta":{"footnotes":""},"categories":[18,29],"tags":[],"class_list":["post-13696","post","type-post","status-publish","format-standard","has-post-thumbnail","hentry","category-actualites","category-monde"],"_links":{"self":[{"href":"https:\/\/ladepeche.mr\/index.php?rest_route=\/wp\/v2\/posts\/13696","targetHints":{"allow":["GET"]}}],"collection":[{"href":"https:\/\/ladepeche.mr\/index.php?rest_route=\/wp\/v2\/posts"}],"about":[{"href":"https:\/\/ladepeche.mr\/index.php?rest_route=\/wp\/v2\/types\/post"}],"author":[{"embeddable":true,"href":"https:\/\/ladepeche.mr\/index.php?rest_route=\/wp\/v2\/users\/2"}],"replies":[{"embeddable":true,"href":"https:\/\/ladepeche.mr\/index.php?rest_route=%2Fwp%2Fv2%2Fcomments&post=13696"}],"version-history":[{"count":1,"href":"https:\/\/ladepeche.mr\/index.php?rest_route=\/wp\/v2\/posts\/13696\/revisions"}],"predecessor-version":[{"id":13698,"href":"https:\/\/ladepeche.mr\/index.php?rest_route=\/wp\/v2\/posts\/13696\/revisions\/13698"}],"wp:featuredmedia":[{"embeddable":true,"href":"https:\/\/ladepeche.mr\/index.php?rest_route=\/wp\/v2\/media\/13697"}],"wp:attachment":[{"href":"https:\/\/ladepeche.mr\/index.php?rest_route=%2Fwp%2Fv2%2Fmedia&parent=13696"}],"wp:term":[{"taxonomy":"category","embeddable":true,"href":"https:\/\/ladepeche.mr\/index.php?rest_route=%2Fwp%2Fv2%2Fcategories&post=13696"},{"taxonomy":"post_tag","embeddable":true,"href":"https:\/\/ladepeche.mr\/index.php?rest_route=%2Fwp%2Fv2%2Ftags&post=13696"}],"curies":[{"name":"wp","href":"https:\/\/api.w.org\/{rel}","templated":true}]}}