{"id":13713,"date":"2025-01-28T19:56:10","date_gmt":"2025-01-28T19:56:10","guid":{"rendered":"https:\/\/ladepeche.mr\/?p=13713"},"modified":"2025-01-28T19:56:10","modified_gmt":"2025-01-28T19:56:10","slug":"larmee-israelienne-toujours-dans-le-sud-du-liban-malgre-la-date-limite-de-retrait","status":"publish","type":"post","link":"https:\/\/ladepeche.mr\/?p=13713","title":{"rendered":"L&#8217;arm\u00e9e isra\u00e9lienne toujours dans le sud du Liban malgr\u00e9 la date limite de retrait"},"content":{"rendered":"<div class=\"summary\">Depuis dimanche, 26 personnes ont \u00e9t\u00e9 tu\u00e9es et 141 bless\u00e9es par des tirs isra\u00e9liens dans les villages occup\u00e9s.<\/div>\n<div class=\"article-info\">\n<p>L&#8217;arm\u00e9e isra\u00e9lienne est toujours d\u00e9ploy\u00e9e dimanche dans le sud du Liban malgr\u00e9 l&#8217;expiration du d\u00e9lai de 60 jours \u00e0 l&#8217;issue duquel elle devait avoir quitt\u00e9 le territoire de son voisin, dans le cadre d&#8217;une tr\u00eave avec le Hezbollah libanais.<\/p>\n<p>L&#8217;arm\u00e9e libanaise a d\u00e9nonc\u00e9 samedi l'&#8221;atermoiement&#8221; d&#8217;Isra\u00ebl et s&#8217;est dite pr\u00eate &#8220;\u00e0 poursuivre son d\u00e9ploiement d\u00e8s que l&#8217;ennemi isra\u00e9lien se retirera&#8221;.<\/p>\n<p>En vertu de l&#8217;accord qui a mis fin le 27 novembre \u00e0 deux mois de guerre entre le puissant mouvement Hezbollah et Isra\u00ebl, seuls l&#8217;arm\u00e9e libanaise et les Casques bleus de l&#8217;ONU peuvent \u00eatre d\u00e9sormais d\u00e9ploy\u00e9s dans le sud du Liban, d&#8217;o\u00f9 l&#8217;arm\u00e9e isra\u00e9lienne \u00e9tait cens\u00e9e avoir achev\u00e9 son retrait le 26 janvier.<\/p>\n<p>Celle-ci a \u00e9vacu\u00e9 toute la r\u00e9gion c\u00f4ti\u00e8re du sud du Liban, mais occupe encore des zones plus \u00e0 l&#8217;est.<\/p>\n<p>De son c\u00f4t\u00e9, le Hezbollah, sorti affaibli de la guerre, doit retirer ses forces au nord du fleuve Litani, \u00e0 environ 30 kilom\u00e8tres de la fronti\u00e8re, et d\u00e9manteler toute infrastructure militaire restante dans le sud.<\/p>\n<p>Le bureau du Premier ministre isra\u00e9lien, Benjamin Netanyahu, a toutefois d\u00e9clar\u00e9 vendredi que le retrait des forces isra\u00e9liennes se poursuivrait au-del\u00e0 de la date limite du 26 janvier.<\/p>\n<p>&#8220;L&#8217;accord de cessez-le-feu n&#8217;ayant pas \u00e9t\u00e9 accompli totalement par le Liban, le processus de retrait par \u00e9tapes se poursuivra en accord avec les Etats-Unis&#8221;, a-t-il dit, alors que l&#8217;application de l&#8217;accord est notamment supervis\u00e9e par les Etats-Unis.<\/p>\n<p>Estimant que l&#8217;arm\u00e9e libanaise et le Hezbollah n&#8217;ont pas respect\u00e9 les termes de l&#8217;accord, Isra\u00ebl &#8220;ne mettra pas en danger ses localit\u00e9s et ses citoyens&#8221; dans le nord du pays, a-t-il ajout\u00e9.<\/p>\n<h2>&#8220;Politique de la terre br\u00fbl\u00e9e&#8221;<\/h2>\n<div class=\"align-left media media--type-image media--view-mode-rte-large ds-1col clearfix\">\n<div class=\"field field--name-field-media-image field--type-image field--label-hidden field__item\"><\/div>\n<\/div>\n<p>Les hostilit\u00e9s entre Isra\u00ebl et le Hezbollah avaient contraint 60.000 personnes en Isra\u00ebl et 900.000 autres au Liban \u00e0 fuir de chez eux de part et d&#8217;autre de la fronti\u00e8re.<\/p>\n<p>Le d\u00e9put\u00e9 du Hezbollah Ali Fayyad a estim\u00e9 samedi que &#8220;les pr\u00e9textes invoqu\u00e9s par Isra\u00ebl&#8221; visent &#8220;\u00e0 poursuivre une politique de la terre br\u00fbl\u00e9e&#8221; et rendre &#8220;le retour des habitants (dans le sud) impossible&#8221;.<\/p>\n<p>De son c\u00f4t\u00e9, le pr\u00e9sident du Liban, Joseph Aoun, a fait part lors d&#8217;un entretien t\u00e9l\u00e9phonique avec son homologue fran\u00e7ais Emmanuel Macron de &#8220;la n\u00e9cessit\u00e9 d&#8217;obliger Isra\u00ebl \u00e0 respecter les dispositions de l&#8217;accord afin de pr\u00e9server la stabilit\u00e9 dans le sud&#8221;, a indiqu\u00e9 samedi la pr\u00e9sidence libanaise.<\/p>\n<p>Il a \u00e9galement insist\u00e9 sur la n\u00e9cessit\u00e9 qu&#8217;Isra\u00ebl &#8220;mette fin \u00e0 ses violations successives, notamment la destruction des villages frontaliers (&#8230;) qui emp\u00eacheront le retour des habitants&#8221;.<\/p>\n<p>Malgr\u00e9 la tr\u00eave, l&#8217;arm\u00e9e isra\u00e9lienne m\u00e8ne r\u00e9guli\u00e8rement des frappes, affirmant viser le Hezbollah, et l&#8217;agence officielle de presse libanaise ANI fait \u00e9tat de dynamitages dans les villages encore occup\u00e9s.<\/p>\n<p>Lire la suite sur https:\/\/information.tv5monde.com\/international\/larmee-israelienne-toujours-dans-le-sud-du-liban-malgre-la-date-limite-de-retrait<\/p>\n<\/div>\n","protected":false},"excerpt":{"rendered":"<p>Depuis dimanche, 26 personnes ont \u00e9t\u00e9 tu\u00e9es et 141 bless\u00e9es par des tirs isra\u00e9liens dans les villages occup\u00e9s. L&#8217;arm\u00e9e isra\u00e9lienne est toujours d\u00e9ploy\u00e9e dimanche dans le sud du Liban malgr\u00e9 l&#8217;expiration du d\u00e9lai de 60 jours \u00e0 l&#8217;issue duquel elle devait avoir quitt\u00e9 le territoire de son voisin, dans le cadre d&#8217;une tr\u00eave avec le &hellip;<\/p>\n","protected":false},"author":2,"featured_media":13714,"comment_status":"open","ping_status":"open","sticky":false,"template":"","format":"standard","meta":{"footnotes":""},"categories":[18,29],"tags":[],"class_list":["post-13713","post","type-post","status-publish","format-standard","has-post-thumbnail","hentry","category-actualites","category-monde"],"_links":{"self":[{"href":"https:\/\/ladepeche.mr\/index.php?rest_route=\/wp\/v2\/posts\/13713","targetHints":{"allow":["GET"]}}],"collection":[{"href":"https:\/\/ladepeche.mr\/index.php?rest_route=\/wp\/v2\/posts"}],"about":[{"href":"https:\/\/ladepeche.mr\/index.php?rest_route=\/wp\/v2\/types\/post"}],"author":[{"embeddable":true,"href":"https:\/\/ladepeche.mr\/index.php?rest_route=\/wp\/v2\/users\/2"}],"replies":[{"embeddable":true,"href":"https:\/\/ladepeche.mr\/index.php?rest_route=%2Fwp%2Fv2%2Fcomments&post=13713"}],"version-history":[{"count":1,"href":"https:\/\/ladepeche.mr\/index.php?rest_route=\/wp\/v2\/posts\/13713\/revisions"}],"predecessor-version":[{"id":13715,"href":"https:\/\/ladepeche.mr\/index.php?rest_route=\/wp\/v2\/posts\/13713\/revisions\/13715"}],"wp:featuredmedia":[{"embeddable":true,"href":"https:\/\/ladepeche.mr\/index.php?rest_route=\/wp\/v2\/media\/13714"}],"wp:attachment":[{"href":"https:\/\/ladepeche.mr\/index.php?rest_route=%2Fwp%2Fv2%2Fmedia&parent=13713"}],"wp:term":[{"taxonomy":"category","embeddable":true,"href":"https:\/\/ladepeche.mr\/index.php?rest_route=%2Fwp%2Fv2%2Fcategories&post=13713"},{"taxonomy":"post_tag","embeddable":true,"href":"https:\/\/ladepeche.mr\/index.php?rest_route=%2Fwp%2Fv2%2Ftags&post=13713"}],"curies":[{"name":"wp","href":"https:\/\/api.w.org\/{rel}","templated":true}]}}