{"id":13722,"date":"2025-01-29T10:52:51","date_gmt":"2025-01-29T10:52:51","guid":{"rendered":"https:\/\/ladepeche.mr\/?p=13722"},"modified":"2025-01-29T10:57:06","modified_gmt":"2025-01-29T10:57:06","slug":"reunion-de-restitution-des-rapports-passer-au-crible-les-priorites-dans-les-rapports-des-missions-gouvernementales","status":"publish","type":"post","link":"https:\/\/ladepeche.mr\/?p=13722","title":{"rendered":"\u00a0R\u00e9union de restitution des rapports minist\u00e9riels: Passer au crible les priorit\u00e9s recueillies aupr\u00e8s des populations"},"content":{"rendered":"<p style=\"margin: 0cm 0cm 12.75pt 0cm;\"><span style=\"font-size: 9.0pt; font-family: 'Arial',sans-serif; color: black;\">Le premier ministre, Mokhtar Ould Djay, a r\u00e9uni autour de lui, mardi, tout le menu gratin parmi ses plus proches collaborateurs ainsi que de hauts fonctionnaires \u00e0 la pr\u00e9sidence de la R\u00e9publique, pour d\u00e9cortiquer et passer au crible les rapports produits par les missions minist\u00e9rielles en pr\u00e9vision des forums r\u00e9gionaux pour la planification participative au d\u00e9veloppement.<\/span><\/p>\n<p style=\"margin: 0cm 0cm 12.75pt 0cm;\"><span style=\"font-size: 9.0pt; font-family: 'Arial',sans-serif; color: black;\">Lanc\u00e9es depuis quelques semaines, ces missions minist\u00e9rielles, qui ont sillonn\u00e9 toutes les r\u00e9gions du pays, \u00e9taient charg\u00e9es de collecter et \u00e9tablir les priorit\u00e9s d\u2019actions identifi\u00e9s avec les populations locales comme indispensables au d\u00e9veloppement de leurs r\u00e9gions. Les missions viennent donc de rendre leurs copies pour faire le tri des actions urgentes que le gouvernement entend inscrire dans son programme 2025.<\/span><\/p>\n<p style=\"margin: 0cm 0cm 12.75pt 0cm;\"><span style=\"font-size: 9.0pt; font-family: 'Arial',sans-serif; color: black;\">Le gouvernement n\u2019a pas encore r\u00e9v\u00e9l\u00e9 les sources de financement de ces m\u00e9ga-projets socio-\u00e9conomiques qui devraient embrasser tous les domaines d\u2019activit\u00e9s, de production et les infrastructures n\u00e9cessaires pour les r\u00e9gions de l\u2019int\u00e9rieur du pays. Cependant, les observateurs estiment qu\u2019en plus des ressources consacr\u00e9es par le gouvernement \u00e0 ces objectifs, dans le cadre de la d\u00e9claration de politique g\u00e9n\u00e9rale du gouvernement, les ristournes gazi\u00e8res pourraient aussi y \u00eatre affect\u00e9es.<\/span><\/p>\n<p style=\"margin: 0cm 0cm 12.75pt 0cm;\"><span style=\"font-size: 9.0pt; font-family: 'Arial',sans-serif; color: black;\"><br \/>\nA noter que le gouvernement inscrit ces actions dans le cadre le cadre des directives du pr\u00e9sident donn\u00e9es au gouvernement en vue de \u00ab prendre toutes les mesures appropri\u00e9es pour r\u00e9pondre rapidement aux demandes urgentes des citoyens en mati\u00e8re de d\u00e9veloppement, conform\u00e9ment aux engagements qu\u2019il a pris lors de sa tourn\u00e9e au cours de la r\u00e9cente campagne pour l\u2019\u00e9lection pr\u00e9sidentielle \u00bb. Le pr\u00e9sident Ghazouani avait, en effet, dit son amertume de voir que les r\u00e9gions de l\u2019int\u00e9rieur du pays qu\u2019il avait visit\u00e9es offraient un visage d\u00e9solant qu\u2019il avait promis de changer.<\/span><\/p>\n","protected":false},"excerpt":{"rendered":"<p>Le premier ministre, Mokhtar Ould Djay, a r\u00e9uni autour de lui, mardi, tout le menu gratin parmi ses plus proches collaborateurs ainsi que de hauts fonctionnaires \u00e0 la pr\u00e9sidence de la R\u00e9publique, pour d\u00e9cortiquer et passer au crible les rapports produits par les missions minist\u00e9rielles en pr\u00e9vision des forums r\u00e9gionaux pour la planification participative au &hellip;<\/p>\n","protected":false},"author":2,"featured_media":13723,"comment_status":"open","ping_status":"open","sticky":false,"template":"","format":"standard","meta":{"footnotes":""},"categories":[18,2],"tags":[],"class_list":["post-13722","post","type-post","status-publish","format-standard","has-post-thumbnail","hentry","category-actualites","category-economie"],"_links":{"self":[{"href":"https:\/\/ladepeche.mr\/index.php?rest_route=\/wp\/v2\/posts\/13722","targetHints":{"allow":["GET"]}}],"collection":[{"href":"https:\/\/ladepeche.mr\/index.php?rest_route=\/wp\/v2\/posts"}],"about":[{"href":"https:\/\/ladepeche.mr\/index.php?rest_route=\/wp\/v2\/types\/post"}],"author":[{"embeddable":true,"href":"https:\/\/ladepeche.mr\/index.php?rest_route=\/wp\/v2\/users\/2"}],"replies":[{"embeddable":true,"href":"https:\/\/ladepeche.mr\/index.php?rest_route=%2Fwp%2Fv2%2Fcomments&post=13722"}],"version-history":[{"count":3,"href":"https:\/\/ladepeche.mr\/index.php?rest_route=\/wp\/v2\/posts\/13722\/revisions"}],"predecessor-version":[{"id":13727,"href":"https:\/\/ladepeche.mr\/index.php?rest_route=\/wp\/v2\/posts\/13722\/revisions\/13727"}],"wp:featuredmedia":[{"embeddable":true,"href":"https:\/\/ladepeche.mr\/index.php?rest_route=\/wp\/v2\/media\/13723"}],"wp:attachment":[{"href":"https:\/\/ladepeche.mr\/index.php?rest_route=%2Fwp%2Fv2%2Fmedia&parent=13722"}],"wp:term":[{"taxonomy":"category","embeddable":true,"href":"https:\/\/ladepeche.mr\/index.php?rest_route=%2Fwp%2Fv2%2Fcategories&post=13722"},{"taxonomy":"post_tag","embeddable":true,"href":"https:\/\/ladepeche.mr\/index.php?rest_route=%2Fwp%2Fv2%2Ftags&post=13722"}],"curies":[{"name":"wp","href":"https:\/\/api.w.org\/{rel}","templated":true}]}}