{"id":13732,"date":"2025-01-29T17:07:21","date_gmt":"2025-01-29T17:07:21","guid":{"rendered":"https:\/\/ladepeche.mr\/?p=13732"},"modified":"2025-01-29T17:07:21","modified_gmt":"2025-01-29T17:07:21","slug":"la-mauritanie-et-la-france-discutent-du-renforcement-de-leur-cooperation-en-matiere-de-securite-et-de-defense","status":"publish","type":"post","link":"https:\/\/ladepeche.mr\/?p=13732","title":{"rendered":"La Mauritanie et la France discutent du renforcement de leur coop\u00e9ration en mati\u00e8re de s\u00e9curit\u00e9 et de d\u00e9fense"},"content":{"rendered":"<h4>Lors d&#8217;une rencontre \u00e0 Nouakchott entre le ministre mauritanien de la D\u00e9fense Hanena Ould Sidi et le D\u00e9l\u00e9gu\u00e9 g\u00e9n\u00e9ral charg\u00e9 de l&#8217;armement au minist\u00e8re fran\u00e7ais des Arm\u00e9es, Emmanuel Chiva.<\/h4>\n<p class=\"selectionShareable\">Le ministre mauritanien de la D\u00e9fense, Hanena Ould Sidi, a discut\u00e9 mardi avec Emmanuel Chiva, d\u00e9l\u00e9gu\u00e9 g\u00e9n\u00e9ral charg\u00e9 de l&#8217;armement au minist\u00e8re fran\u00e7ais des Arm\u00e9es, du renforcement de la coop\u00e9ration entre les deux pays en mati\u00e8re de s\u00e9curit\u00e9 et de d\u00e9fense.<\/p>\n<p class=\"selectionShareable\">C\u2019est ce qui ressort de la rencontre entre les deux parties tenue au si\u00e8ge du minist\u00e8re mauritanien de la D\u00e9fense dans la capitale, Nouakchott, selon ce qui a \u00e9t\u00e9 rapport\u00e9 par l&#8217;agence de presse mauritanienne (AMI), qui n\u2019a pas donn\u00e9 de plus amples d\u00e9tails sur la teneur de l\u2019entretien entre les deux hommes.<\/p>\n<p class=\"selectionShareable\">Le responsable fran\u00e7ais a entam\u00e9 mardi une visite d\u2019une dur\u00e9e ind\u00e9termin\u00e9e en Mauritanie, au cours de laquelle il devrait rencontrer plusieurs responsables mauritaniens.<\/p>\n<p class=\"selectionShareable\">Cette visite intervient environ deux mois apr\u00e8s celle effectu\u00e9e \u00e0 Nouakchott par le Commissaire europ\u00e9en aux Partenariats internationaux, Jozef S\u00edkela.<\/p>\n<p class=\"selectionShareable\">En d\u00e9cembre dernier, la Mauritanie a re\u00e7u du mat\u00e9riel militaire livr\u00e9 par l\u2019Union europ\u00e9enne dans le cadre du partenariat entre les deux parties.<\/p>\n<p class=\"selectionShareable\">Ces derni\u00e8res ann\u00e9es, l\u2019int\u00e9r\u00eat europ\u00e9en pour la Mauritanie s\u2019est accru, au moment o\u00f9 la pr\u00e9sence russe dans la r\u00e9gion du Sahel suscite l\u2019inqui\u00e9tude des pays occidentaux.<\/p>\n<p class=\"selectionShareable\">Selon certains observateurs, les pays europ\u00e9ens craignent que Moscou ne puisse prendre pied dans les \u00c9tats de la fa\u00e7ade atlantique de l&#8217;Afrique.<\/p>\n<p class=\"selectionShareable\">Parmi ces Etats africains figure la Mauritanie qui dispose d&#8217;une fa\u00e7ade maritime longue de 755 km, ouverte sur l&#8217;oc\u00e9an Atlantique.<\/p>\n<p>aa.com.tr<\/p>\n","protected":false},"excerpt":{"rendered":"<p>Lors d&#8217;une rencontre \u00e0 Nouakchott entre le ministre mauritanien de la D\u00e9fense Hanena Ould Sidi et le D\u00e9l\u00e9gu\u00e9 g\u00e9n\u00e9ral charg\u00e9 de l&#8217;armement au minist\u00e8re fran\u00e7ais des Arm\u00e9es, Emmanuel Chiva. Le ministre mauritanien de la D\u00e9fense, Hanena Ould Sidi, a discut\u00e9 mardi avec Emmanuel Chiva, d\u00e9l\u00e9gu\u00e9 g\u00e9n\u00e9ral charg\u00e9 de l&#8217;armement au minist\u00e8re fran\u00e7ais des Arm\u00e9es, du &hellip;<\/p>\n","protected":false},"author":2,"featured_media":13733,"comment_status":"open","ping_status":"open","sticky":false,"template":"","format":"standard","meta":{"footnotes":""},"categories":[18,29],"tags":[],"class_list":["post-13732","post","type-post","status-publish","format-standard","has-post-thumbnail","hentry","category-actualites","category-monde"],"_links":{"self":[{"href":"https:\/\/ladepeche.mr\/index.php?rest_route=\/wp\/v2\/posts\/13732","targetHints":{"allow":["GET"]}}],"collection":[{"href":"https:\/\/ladepeche.mr\/index.php?rest_route=\/wp\/v2\/posts"}],"about":[{"href":"https:\/\/ladepeche.mr\/index.php?rest_route=\/wp\/v2\/types\/post"}],"author":[{"embeddable":true,"href":"https:\/\/ladepeche.mr\/index.php?rest_route=\/wp\/v2\/users\/2"}],"replies":[{"embeddable":true,"href":"https:\/\/ladepeche.mr\/index.php?rest_route=%2Fwp%2Fv2%2Fcomments&post=13732"}],"version-history":[{"count":1,"href":"https:\/\/ladepeche.mr\/index.php?rest_route=\/wp\/v2\/posts\/13732\/revisions"}],"predecessor-version":[{"id":13734,"href":"https:\/\/ladepeche.mr\/index.php?rest_route=\/wp\/v2\/posts\/13732\/revisions\/13734"}],"wp:featuredmedia":[{"embeddable":true,"href":"https:\/\/ladepeche.mr\/index.php?rest_route=\/wp\/v2\/media\/13733"}],"wp:attachment":[{"href":"https:\/\/ladepeche.mr\/index.php?rest_route=%2Fwp%2Fv2%2Fmedia&parent=13732"}],"wp:term":[{"taxonomy":"category","embeddable":true,"href":"https:\/\/ladepeche.mr\/index.php?rest_route=%2Fwp%2Fv2%2Fcategories&post=13732"},{"taxonomy":"post_tag","embeddable":true,"href":"https:\/\/ladepeche.mr\/index.php?rest_route=%2Fwp%2Fv2%2Ftags&post=13732"}],"curies":[{"name":"wp","href":"https:\/\/api.w.org\/{rel}","templated":true}]}}