{"id":13737,"date":"2025-01-29T18:38:20","date_gmt":"2025-01-29T18:38:20","guid":{"rendered":"https:\/\/ladepeche.mr\/?p=13737"},"modified":"2025-01-29T19:38:54","modified_gmt":"2025-01-29T19:38:54","slug":"afrique-sidi-ould-tah-officiellement-candidat-mauritanien-pour-la-bad","status":"publish","type":"post","link":"https:\/\/ladepeche.mr\/?p=13737","title":{"rendered":"Afrique: Sidi Ould Tah officiellement candidat mauritanien pour la BAD"},"content":{"rendered":"<p>C\u2019est d\u00e9sormais officiel, le gouvernement mauritanien a introduit le parrainage de la candidature de Sidi Ould Tah au poste de pr\u00e9sident du Groupe de la Banque africaine de d\u00e9veloppement (BAD) dont l\u2019\u00e9lection se d\u00e9roulera les 27 et 29 mai 2025, lors de l\u2019Assembl\u00e9e G\u00e9n\u00e9rale annuelle de la Banque et de la r\u00e9union du Conseil des gouverneurs de la Banque. Un soutien politique au premier rang duquel se trouve le pr\u00e9sident de la R\u00e9publique et de l\u2019Union Africaine, Mohamed Ould Ghazouani. Le dossier de candidature de Sidi Ould Tah a \u00e9t\u00e9 officiellement notifi\u00e9, mercredi, au secr\u00e9tariat g\u00e9n\u00e9ral de la BAD par le ministre de l&#8217;\u00e9conomie et des finances, Sid&#8217;Ahmed Ould Bouh.<\/p>\n<p>Le candidat mauritanien, qui jouirait d\u00e9j\u00e0 du soutien de plusieurs gouvernements africains dont la C\u00f4te d\u2019Ivoire, a aussi ses propres atouts personnels et professionnels. Ancien ministre des affaires \u00e9conomiques et du d\u00e9veloppement en Mauritanie (2008), Sidi Ould Tah, dirige depuis 2015 la Banque Arabe pour le D\u00e9veloppement Economique de l\u2019Afrique (BADEA) qui pour son derni\u00e8re plan quinquennal 2025-2030 a rehauss\u00e9 son budget \u00e0 plus de 18 milliards de dollars. Une alternative \u00e0 laquelle le candidat mauritanien n&#8217;est \u00e9videmment pas \u00e9tranger.<\/p>\n<p>En plus du satisf\u00e9cit du conseil d\u2019Administration de la Banque pour ses loyaux services, Sidi Ould Tah, a su d\u00e9velopper, \u00e0 travers la BADEA, un \u00e9ventail de relations avec les dirigeants du monde entier mais \u00e9galement dans la sph\u00e8re du secteur priv\u00e9. Des relations qui lui valent d\u2019\u00eatre bien introduit aussi bien en Afrique que parmi les pays nantis comme ceux du Golfe.<\/p>\n<p>Natif de Mederdra, sud de la Mauritanie, Sidi Ould Tah, n\u00e9 le 31 d\u00e9cembre 1964 \u00e0 Mederdra, est titulaire d&#8217;un doctorat en \u00e9conomie de l&#8217;Universit\u00e9 de Nice Sophia Antipolis en France. Discret et courtois, Sidi Ould Tah est rompu \u00e0 l&#8217;action, loin des feux des m\u00e9dias.<\/p>\n<p>&nbsp;<\/p>\n<p><strong>Minist\u00e8re de l&#8217;\u00c9conomie et des Finances: Communiqu\u00e9<\/strong><\/p>\n<p>Sur hautes instructions de Son Excellence le Pr\u00e9sident de la R\u00e9publique, Monsieur Mohamed Ould Cheikh El Ghazouani, et en concr\u00e9tisation de sa vision perpicace visant \u00e0 consolider le positionnement de la Mauritanie sur les sc\u00e8nes r\u00e9gionale et internationale, tout en favorisant l\u2019accession des comp\u00e9tences nationales aux instances d\u00e9cisionnelles des institutions financi\u00e8res et techniques de port\u00e9e mondiale,<\/p>\n<p>Son Excellence le ministre de l&#8217;\u00c9conomie et des Finances, M. Sid\u2019Ahmed Ould Bouh, a d\u00e9pos\u00e9, ce mercredi \u00e0 Abidjan, aupr\u00e8s du Secr\u00e9tariat g\u00e9n\u00e9ral de la Banque africaine de d\u00e9veloppement, le dossier de candidature de la Mauritanie, port\u00e9e par l\u2019ancien ministre de l&#8217;\u00c9conomie, M. Sidi Ould Tah, au poste de pr\u00e9sident du Groupe de la Banque africaine de d\u00e9veloppement.<\/p>\n<p>Notre pays d\u00e9ploie, sous la conduite \u00e9clair\u00e9e de Son Excellence le Pr\u00e9sident de la R\u00e9publique, une diplomatie dynamique et engag\u00e9e afin de d\u00e9fendre les chances de son candidat dans cette \u00e9ch\u00e9ance majeure. Il mobilise, \u00e0 cet effet, l\u2019ensemble de ses relations privil\u00e9gi\u00e9es, tant avec les \u00c9tats de l&#8217;Union africaine qu\u2019avec les membres extracontinentaux du Groupe de la Banque africaine de d\u00e9veloppement.<\/p>\n<p>Forte de sa rigueur et de sa pertinence, cette candidature est porteuse d\u2019un r\u00e9el potentiel de succ\u00e8s. Elle devrait ainsi, avec la volont\u00e9 divine, b\u00e9n\u00e9ficier d&#8217;un large consensus lors des assembl\u00e9es annuelles et du Conseil des gouverneurs du Groupe de la Banque africaine de d\u00e9veloppement, pr\u00e9vus du 27 au 29 mai 2025.<\/p>\n<p>Abidjan, le 29 janvier 2025<\/p>\n","protected":false},"excerpt":{"rendered":"<p>C\u2019est d\u00e9sormais officiel, le gouvernement mauritanien a introduit le parrainage de la candidature de Sidi Ould Tah au poste de pr\u00e9sident du Groupe de la Banque africaine de d\u00e9veloppement (BAD) dont l\u2019\u00e9lection se d\u00e9roulera les 27 et 29 mai 2025, lors de l\u2019Assembl\u00e9e G\u00e9n\u00e9rale annuelle de la Banque et de la r\u00e9union du Conseil des &hellip;<\/p>\n","protected":false},"author":2,"featured_media":13738,"comment_status":"open","ping_status":"open","sticky":false,"template":"","format":"standard","meta":{"footnotes":""},"categories":[18,2],"tags":[],"class_list":["post-13737","post","type-post","status-publish","format-standard","has-post-thumbnail","hentry","category-actualites","category-economie"],"_links":{"self":[{"href":"https:\/\/ladepeche.mr\/index.php?rest_route=\/wp\/v2\/posts\/13737","targetHints":{"allow":["GET"]}}],"collection":[{"href":"https:\/\/ladepeche.mr\/index.php?rest_route=\/wp\/v2\/posts"}],"about":[{"href":"https:\/\/ladepeche.mr\/index.php?rest_route=\/wp\/v2\/types\/post"}],"author":[{"embeddable":true,"href":"https:\/\/ladepeche.mr\/index.php?rest_route=\/wp\/v2\/users\/2"}],"replies":[{"embeddable":true,"href":"https:\/\/ladepeche.mr\/index.php?rest_route=%2Fwp%2Fv2%2Fcomments&post=13737"}],"version-history":[{"count":6,"href":"https:\/\/ladepeche.mr\/index.php?rest_route=\/wp\/v2\/posts\/13737\/revisions"}],"predecessor-version":[{"id":13747,"href":"https:\/\/ladepeche.mr\/index.php?rest_route=\/wp\/v2\/posts\/13737\/revisions\/13747"}],"wp:featuredmedia":[{"embeddable":true,"href":"https:\/\/ladepeche.mr\/index.php?rest_route=\/wp\/v2\/media\/13738"}],"wp:attachment":[{"href":"https:\/\/ladepeche.mr\/index.php?rest_route=%2Fwp%2Fv2%2Fmedia&parent=13737"}],"wp:term":[{"taxonomy":"category","embeddable":true,"href":"https:\/\/ladepeche.mr\/index.php?rest_route=%2Fwp%2Fv2%2Fcategories&post=13737"},{"taxonomy":"post_tag","embeddable":true,"href":"https:\/\/ladepeche.mr\/index.php?rest_route=%2Fwp%2Fv2%2Ftags&post=13737"}],"curies":[{"name":"wp","href":"https:\/\/api.w.org\/{rel}","templated":true}]}}