{"id":13749,"date":"2025-01-29T22:17:29","date_gmt":"2025-01-29T22:17:29","guid":{"rendered":"https:\/\/ladepeche.mr\/?p=13749"},"modified":"2025-01-30T13:52:11","modified_gmt":"2025-01-30T13:52:11","slug":"etat-civil-le-ministere-adopte-plus-de-verrous-pour-la-mauritanite","status":"publish","type":"post","link":"https:\/\/ladepeche.mr\/?p=13749","title":{"rendered":"Etat-civil\u00a0: Le minist\u00e8re adopte plus de verrous pour la \u00abMauritanit\u00e9\u00a0\u00bb"},"content":{"rendered":"<p>Outre la latitude pour les services d\u2019\u00e9tat-civil de rejeter les demandeurs dont \u00ab\u00a0la Mauritanit\u00e9\u00a0\u00bb ne serait pas \u00e9tablie, le nouveau texte de loi sur l\u2019\u00e9tat-civil adopt\u00e9 par l\u2019Assembl\u00e9e nationale pr\u00e9voit 60 jours seulement pour la d\u00e9claration des nouveaux-n\u00e9s.<\/p>\n<p>La loi pr\u00e9voit cependant, en raison des contingences mogistiques et g\u00e9ographiques, que cette d\u00e9claration pourrait \u00eatre faite dans tous les centres d\u2019\u00e9tat-civil. Par contre, le num\u00e9ro national d\u2019identification ne sera d\u00e9livr\u00e9 qu\u2019en cas de v\u00e9rification de la \u00ab\u00a0Mauritanit\u00e9\u00a0\u00bb du requ\u00e9rant. Il s\u2019agira probablement de t\u00e9moignages corroborant l\u2019appartenance de l\u2019individu \u00e0 la communaut\u00e9 nationale, m\u00eame si chaque personne s\u2019estimant l\u00e9s\u00e9e pourrait ester en justice contre la d\u00e9cision administrative.<\/p>\n<p>D\u2019autres am\u00e9liorations d\u2019acc\u00e8s aux documents civils ont port\u00e9 sur la num\u00e9risation des proc\u00e9dures en plus des correspondances pour \u00e9viter aux usagers des d\u00e9placements et d\u2019interminables rangs pour se servir.<\/p>\n<p>Pour couper court \u00e0 la pol\u00e9mique sur l\u2019enr\u00f4lement des citoyens, le pr\u00e9sident Ghazouani avait tr\u00e8s t\u00f4t promis de ne laisser aucun mauritanien en rade dans le d\u00e9nombrement de la population nationale.<\/p>\n<p>Le cinqui\u00e8me Recensement G\u00e9n\u00e9ral de la Population et de l&#8217;Habitat, organis\u00e9 en 2024, recense la population du pays \u00e0 pr\u00e8s de 5 millions d&#8217;habitants.<\/p>\n","protected":false},"excerpt":{"rendered":"<p>Outre la latitude pour les services d\u2019\u00e9tat-civil de rejeter les demandeurs dont \u00ab\u00a0la Mauritanit\u00e9\u00a0\u00bb ne serait pas \u00e9tablie, le nouveau texte de loi sur l\u2019\u00e9tat-civil adopt\u00e9 par l\u2019Assembl\u00e9e nationale pr\u00e9voit 60 jours seulement pour la d\u00e9claration des nouveaux-n\u00e9s. La loi pr\u00e9voit cependant, en raison des contingences mogistiques et g\u00e9ographiques, que cette d\u00e9claration pourrait \u00eatre faite &hellip;<\/p>\n","protected":false},"author":2,"featured_media":4357,"comment_status":"open","ping_status":"open","sticky":false,"template":"","format":"standard","meta":{"footnotes":""},"categories":[18],"tags":[],"class_list":["post-13749","post","type-post","status-publish","format-standard","has-post-thumbnail","hentry","category-actualites"],"_links":{"self":[{"href":"https:\/\/ladepeche.mr\/index.php?rest_route=\/wp\/v2\/posts\/13749","targetHints":{"allow":["GET"]}}],"collection":[{"href":"https:\/\/ladepeche.mr\/index.php?rest_route=\/wp\/v2\/posts"}],"about":[{"href":"https:\/\/ladepeche.mr\/index.php?rest_route=\/wp\/v2\/types\/post"}],"author":[{"embeddable":true,"href":"https:\/\/ladepeche.mr\/index.php?rest_route=\/wp\/v2\/users\/2"}],"replies":[{"embeddable":true,"href":"https:\/\/ladepeche.mr\/index.php?rest_route=%2Fwp%2Fv2%2Fcomments&post=13749"}],"version-history":[{"count":2,"href":"https:\/\/ladepeche.mr\/index.php?rest_route=\/wp\/v2\/posts\/13749\/revisions"}],"predecessor-version":[{"id":13763,"href":"https:\/\/ladepeche.mr\/index.php?rest_route=\/wp\/v2\/posts\/13749\/revisions\/13763"}],"wp:featuredmedia":[{"embeddable":true,"href":"https:\/\/ladepeche.mr\/index.php?rest_route=\/wp\/v2\/media\/4357"}],"wp:attachment":[{"href":"https:\/\/ladepeche.mr\/index.php?rest_route=%2Fwp%2Fv2%2Fmedia&parent=13749"}],"wp:term":[{"taxonomy":"category","embeddable":true,"href":"https:\/\/ladepeche.mr\/index.php?rest_route=%2Fwp%2Fv2%2Fcategories&post=13749"},{"taxonomy":"post_tag","embeddable":true,"href":"https:\/\/ladepeche.mr\/index.php?rest_route=%2Fwp%2Fv2%2Ftags&post=13749"}],"curies":[{"name":"wp","href":"https:\/\/api.w.org\/{rel}","templated":true}]}}