{"id":13751,"date":"2025-01-30T12:15:42","date_gmt":"2025-01-30T12:15:42","guid":{"rendered":"https:\/\/ladepeche.mr\/?p=13751"},"modified":"2025-01-30T12:15:42","modified_gmt":"2025-01-30T12:15:42","slug":"sahara-la-belgique-considere-linitiative-marocaine-dautonomie-comme-une-tres-bonne-base-pour-une-solution-acceptee-par-les-parties","status":"publish","type":"post","link":"https:\/\/ladepeche.mr\/?p=13751","title":{"rendered":"Sahara- La Belgique consid\u00e8re l\u2019Initiative marocaine d\u2019autonomie comme une tr\u00e8s bonne base pour une solution accept\u00e9e par les parties"},"content":{"rendered":"<p>&#8220;La Belgique consid\u00e8re l\u2019Initiative marocaine d\u2019autonomie, pr\u00e9sent\u00e9e en 2007, comme un effort s\u00e9rieux et cr\u00e9dible du Maroc et comme une tr\u00e8s bonne base pour une solution accept\u00e9e par les parties&#8221;, a soulign\u00e9 le ministre belge des Affaires \u00e9trang\u00e8res, des affaires europ\u00e9ennes, du commerce ext\u00e9rieur et des institutions culturelles, Bernard Quintin, lors d\u2019un point presse \u00e0 l\u2019issue de sa rencontre, mercredi \u00e0 Rabat, avec le ministre des Affaires \u00e9trang\u00e8res, de la Coop\u00e9ration africaine et des Marocains r\u00e9sidant \u00e0 l&#8217;\u00e9tranger, Nasser Bourita.<\/p>\n<p>Lors de l\u2019\u00e9change avec M. Bourita, cela &#8220;m\u2019a permis de comprendre les tenants et aboutissants du plan d\u2019autonomie et prendre la mesure du caract\u00e8re existentiel de cette question pour le Maroc&#8221;, a poursuivi le ministre belge, ajoutant que &#8220;nous savons que c\u2019est une question importante pour le Maroc&#8221;.<\/p>\n<p>&#8220;Certains partenaires europ\u00e9ens et internationaux importants ont \u00e9volu\u00e9 dans leur position&#8221;, a-t-il d\u00e9clar\u00e9, affirmant que le Maroc et la Belgique &#8220;continueront \u00e0 mener un dialogue constructif \u00e0 ce sujet&#8221;. La Belgique &#8220;apporte son plein soutien au processus des Nations Unies pour une solution politique, juste, durable et mutuellement acceptable pour les parties&#8221; et &#8220;rappelle l\u2019exclusivit\u00e9 de l\u2019ONU dans le processus politique&#8221;, a indiqu\u00e9 M. Quintin.<\/p>\n<p>Le ministre belge a en outre r\u00e9affirm\u00e9 le soutien de son pays \u00e0 &#8220;la r\u00e9solution 2703 du Conseil de s\u00e9curit\u00e9 de l\u2019ONU, qui a not\u00e9 le r\u00f4le et la responsabilit\u00e9 des parties dans la recherche d&#8217;une solution politique r\u00e9aliste, pragmatique, durable et fond\u00e9e sur le compromis&#8221;.<\/p>\n<p>Cette position constructive de la Belgique s\u2019inscrit dans le cadre de la dynamique internationale cr\u00e9\u00e9e sous l\u2019impulsion de Sa Majest\u00e9 le Roi Mohammed VI, en soutien \u00e0 la souverainet\u00e9 du Royaume du Maroc sur son Sahara et au Plan d\u2019autonomie.<\/p>\n<p>MAP<\/p>\n","protected":false},"excerpt":{"rendered":"<p>&#8220;La Belgique consid\u00e8re l\u2019Initiative marocaine d\u2019autonomie, pr\u00e9sent\u00e9e en 2007, comme un effort s\u00e9rieux et cr\u00e9dible du Maroc et comme une tr\u00e8s bonne base pour une solution accept\u00e9e par les parties&#8221;, a soulign\u00e9 le ministre belge des Affaires \u00e9trang\u00e8res, des affaires europ\u00e9ennes, du commerce ext\u00e9rieur et des institutions culturelles, Bernard Quintin, lors d\u2019un point presse \u00e0 &hellip;<\/p>\n","protected":false},"author":2,"featured_media":13752,"comment_status":"open","ping_status":"open","sticky":false,"template":"","format":"standard","meta":{"footnotes":""},"categories":[18,29],"tags":[],"class_list":["post-13751","post","type-post","status-publish","format-standard","has-post-thumbnail","hentry","category-actualites","category-monde"],"_links":{"self":[{"href":"https:\/\/ladepeche.mr\/index.php?rest_route=\/wp\/v2\/posts\/13751","targetHints":{"allow":["GET"]}}],"collection":[{"href":"https:\/\/ladepeche.mr\/index.php?rest_route=\/wp\/v2\/posts"}],"about":[{"href":"https:\/\/ladepeche.mr\/index.php?rest_route=\/wp\/v2\/types\/post"}],"author":[{"embeddable":true,"href":"https:\/\/ladepeche.mr\/index.php?rest_route=\/wp\/v2\/users\/2"}],"replies":[{"embeddable":true,"href":"https:\/\/ladepeche.mr\/index.php?rest_route=%2Fwp%2Fv2%2Fcomments&post=13751"}],"version-history":[{"count":1,"href":"https:\/\/ladepeche.mr\/index.php?rest_route=\/wp\/v2\/posts\/13751\/revisions"}],"predecessor-version":[{"id":13753,"href":"https:\/\/ladepeche.mr\/index.php?rest_route=\/wp\/v2\/posts\/13751\/revisions\/13753"}],"wp:featuredmedia":[{"embeddable":true,"href":"https:\/\/ladepeche.mr\/index.php?rest_route=\/wp\/v2\/media\/13752"}],"wp:attachment":[{"href":"https:\/\/ladepeche.mr\/index.php?rest_route=%2Fwp%2Fv2%2Fmedia&parent=13751"}],"wp:term":[{"taxonomy":"category","embeddable":true,"href":"https:\/\/ladepeche.mr\/index.php?rest_route=%2Fwp%2Fv2%2Fcategories&post=13751"},{"taxonomy":"post_tag","embeddable":true,"href":"https:\/\/ladepeche.mr\/index.php?rest_route=%2Fwp%2Fv2%2Ftags&post=13751"}],"curies":[{"name":"wp","href":"https:\/\/api.w.org\/{rel}","templated":true}]}}