{"id":13765,"date":"2025-01-30T14:54:33","date_gmt":"2025-01-30T14:54:33","guid":{"rendered":"https:\/\/ladepeche.mr\/?p=13765"},"modified":"2025-01-30T14:54:33","modified_gmt":"2025-01-30T14:54:33","slug":"le-ministre-de-leconomie-et-des-finances-signe-un-accord-cadre-avec-le-president-du-fonds-opep-pour-le-developpement-international","status":"publish","type":"post","link":"https:\/\/ladepeche.mr\/?p=13765","title":{"rendered":"Le ministre de l&#8217;\u00c9conomie et des Finances signe un accord-cadre avec le pr\u00e9sident du Fonds OPEP pour le D\u00e9veloppement International"},"content":{"rendered":"<p>Son Excellence le ministre de l&#8217;\u00c9conomie et des Finances, M. Sid&#8217;Ahmed Ould Bouh, a sign\u00e9 aujourd&#8217;hui, jeudi, \u00e0 Nouakchott, avec M. Abdulhamid Alkhalifa, Pr\u00e9sident du Fonds OPEP pour le D\u00e9veloppement International, un accord-cadre d&#8217;un montant de 120 millions de dollars am\u00e9ricains pour une dur\u00e9e de trois ans, ainsi qu&#8217;une subvention de 500 mille dollars.<\/p>\n<p>Dans son allocution prononc\u00e9e \u00e0 cette occasion, le ministre de l&#8217;\u00c9conomie et des Finances a salu\u00e9 le niveau et la qualit\u00e9 de l&#8217;appui que le Fonds n&#8217;a cess\u00e9 d&#8217;apporter pour consolider les bases du d\u00e9veloppement \u00e9conomique et social dans notre pays. Il a ajout\u00e9 que les relations privil\u00e9gi\u00e9es qui unissent la R\u00e9publique Islamique de Mauritanie au Fonds remontent \u00e0 plus de quarante ans et ont contribu\u00e9 de mani\u00e8re significative \u00e0 l&#8217;impulsion de la croissance \u00e9conomique et \u00e0 l&#8217;\u00e9tablissement des fondements du d\u00e9veloppement \u00e9conomique et social dans notre pays.<\/p>\n<p>Il a \u00e9galement d\u00e9clar\u00e9 que la signature du cadre de coop\u00e9ration commune entre notre pays et cette prestigieuse institution pour la p\u00e9riode 2025-2028 d\u00e9finit les priorit\u00e9s de collaboration dans le financement de projets de d\u00e9veloppement et le soutien technique durant cette p\u00e9riode.<\/p>\n<p>De son c\u00f4t\u00e9, le pr\u00e9sident du Fonds OPEP pour le D\u00e9veloppement International a affirm\u00e9 que cette signature permet d&#8217;ouvrir un nouveau chapitre de partenariat entre son institution et la Mauritanie. Il a ajout\u00e9 que cet accord constitue l&#8217;aboutissement de ce partenariat, soulignant que le Fonds a l&#8217;honneur de participer au financement de nombreux projets de d\u00e9veloppement en Mauritanie.<\/p>\n<p>La c\u00e9r\u00e9monie de signature s&#8217;est d\u00e9roul\u00e9e en pr\u00e9sence du Secr\u00e9taire g\u00e9n\u00e9ral du Minist\u00e8re de l&#8217;\u00c9conomie et des Finances, ainsi que de plusieurs cadres du D\u00e9partement.<\/p>\n<p>MEF<\/p>\n","protected":false},"excerpt":{"rendered":"<p>Son Excellence le ministre de l&#8217;\u00c9conomie et des Finances, M. Sid&#8217;Ahmed Ould Bouh, a sign\u00e9 aujourd&#8217;hui, jeudi, \u00e0 Nouakchott, avec M. Abdulhamid Alkhalifa, Pr\u00e9sident du Fonds OPEP pour le D\u00e9veloppement International, un accord-cadre d&#8217;un montant de 120 millions de dollars am\u00e9ricains pour une dur\u00e9e de trois ans, ainsi qu&#8217;une subvention de 500 mille dollars. Dans &hellip;<\/p>\n","protected":false},"author":2,"featured_media":13766,"comment_status":"open","ping_status":"open","sticky":false,"template":"","format":"standard","meta":{"footnotes":""},"categories":[18,2],"tags":[],"class_list":["post-13765","post","type-post","status-publish","format-standard","has-post-thumbnail","hentry","category-actualites","category-economie"],"_links":{"self":[{"href":"https:\/\/ladepeche.mr\/index.php?rest_route=\/wp\/v2\/posts\/13765","targetHints":{"allow":["GET"]}}],"collection":[{"href":"https:\/\/ladepeche.mr\/index.php?rest_route=\/wp\/v2\/posts"}],"about":[{"href":"https:\/\/ladepeche.mr\/index.php?rest_route=\/wp\/v2\/types\/post"}],"author":[{"embeddable":true,"href":"https:\/\/ladepeche.mr\/index.php?rest_route=\/wp\/v2\/users\/2"}],"replies":[{"embeddable":true,"href":"https:\/\/ladepeche.mr\/index.php?rest_route=%2Fwp%2Fv2%2Fcomments&post=13765"}],"version-history":[{"count":1,"href":"https:\/\/ladepeche.mr\/index.php?rest_route=\/wp\/v2\/posts\/13765\/revisions"}],"predecessor-version":[{"id":13767,"href":"https:\/\/ladepeche.mr\/index.php?rest_route=\/wp\/v2\/posts\/13765\/revisions\/13767"}],"wp:featuredmedia":[{"embeddable":true,"href":"https:\/\/ladepeche.mr\/index.php?rest_route=\/wp\/v2\/media\/13766"}],"wp:attachment":[{"href":"https:\/\/ladepeche.mr\/index.php?rest_route=%2Fwp%2Fv2%2Fmedia&parent=13765"}],"wp:term":[{"taxonomy":"category","embeddable":true,"href":"https:\/\/ladepeche.mr\/index.php?rest_route=%2Fwp%2Fv2%2Fcategories&post=13765"},{"taxonomy":"post_tag","embeddable":true,"href":"https:\/\/ladepeche.mr\/index.php?rest_route=%2Fwp%2Fv2%2Ftags&post=13765"}],"curies":[{"name":"wp","href":"https:\/\/api.w.org\/{rel}","templated":true}]}}