{"id":13774,"date":"2025-01-31T09:00:56","date_gmt":"2025-01-31T09:00:56","guid":{"rendered":"https:\/\/ladepeche.mr\/?p=13774"},"modified":"2025-01-30T22:11:36","modified_gmt":"2025-01-30T22:11:36","slug":"pas-de-survivant-dans-la-catastrophe-aerienne-a-washington-trump-met-en-cause-la-diversite","status":"publish","type":"post","link":"https:\/\/ladepeche.mr\/?p=13774","title":{"rendered":"Pas de survivant dans la catastrophe a\u00e9rienne \u00e0 Washington, Trump met en cause la diversit\u00e9"},"content":{"rendered":"<p class=\"entry-sub-title\">Le pr\u00e9sident am\u00e9ricain Donald Trump a mis en cause jeudi ses pr\u00e9d\u00e9cesseurs d\u00e9mocrates et les programmes faisant la promotion de la diversit\u00e9 dans la catastrophe a\u00e9rienne qui s&#8217;est produite au-dessus de Washington et a fait 67 morts.<\/p>\n<p><strong><span class=\"info-city\" data-icon=\"earth-americas\"><a href=\"https:\/\/www.afp.com\/fr\">AFP<\/a><\/span><\/strong>\u00a0\u2013 \u00ab\u00a0Malheureusement, il n\u2019y a pas de survivant\u00a0\u00bb, a-t-il indiqu\u00e9 lors d\u2019un point presse, apr\u00e8s avoir observ\u00e9 une minute de silence pour les victimes.<\/p>\n<p>Soixante-quatre personnes voyageaient dans l\u2019avion de ligne entr\u00e9 en collision avec un h\u00e9licopt\u00e8re de l\u2019arm\u00e9e am\u00e9ricaine, avec trois militaires \u00e0 bord, mercredi soir au-dessus du fleuve Potomac.<\/p>\n<p>\u00ab\u00a0Ce fut une nuit sombre et atroce dans la capitale et dans l\u2019histoire de notre pays\u00a0\u00bb, s\u2019est d\u2019abord d\u00e9sol\u00e9 Donald Trump, promettant une enqu\u00eate approfondie pour \u00e9tablir les causes de l\u2019accident.<\/p>\n<p>Mais il s\u2019en est tr\u00e8s vite pris aux anciens pr\u00e9sidents d\u00e9mocrates Joe Biden et Barack Obama, qu\u2019il a accus\u00e9s d\u2019avoir affaibli les exigences en mati\u00e8re de s\u00e9curit\u00e9 a\u00e9rienne.<\/p>\n<p>\u00ab\u00a0J\u2019ai donn\u00e9 la priorit\u00e9 \u00e0 la s\u00e9curit\u00e9. Obama et Biden et les d\u00e9mocrates ont mis la politique en premier\u00a0\u00bb, a-t-il attaqu\u00e9, s\u2019en prenant aux programmes qui promeuvent la diversit\u00e9 au sein de l\u2019administration am\u00e9ricaine, et de l\u2019agence f\u00e9d\u00e9rale de l\u2019aviation (FAA) plus sp\u00e9cifiquement.<\/p>\n<p>\u00ab\u00a0Ils ont m\u00eame donn\u00e9 une directive : +Trop blanc+. Or nous voulons des gens comp\u00e9tents\u00a0\u00bb, a lanc\u00e9 le pr\u00e9sident r\u00e9publicain.<\/p>\n<h3 class=\"ci-subtitle\">\u00ab\u00a0Abject\u00a0\u00bb<\/h3>\n<p>&nbsp;<\/p>\n<p>Ancien ministre des Transports sous la pr\u00e9sidence de Joe Biden, Pete Buttigieg, a qualifi\u00e9 cette mise en cause d&#8217;\u00a0\u00bbabjecte\u00a0\u00bb. \u00ab\u00a0Alors que les familles sont en deuil, M. Trump devrait diriger, et non mentir\u00a0\u00bb, l\u2019a-t-il exhort\u00e9.<\/p>\n<p>Press\u00e9 de questions pour savoir s\u2019il mettait directement en cause les contr\u00f4leurs a\u00e9riens et les politiques de diversit\u00e9 pour expliquer la catastrophe, Donald Trump a reconnu \u00ab\u00a0ne pas savoir\u00a0\u00bb encore mais ajout\u00e9 que \u00ab\u00a0\u00e7a a pu \u00eatre\u00a0\u00bb le cas.<\/p>\n<p>Il a cependant estim\u00e9 que l\u2019h\u00e9licopt\u00e8re militaire avait une trajectoire \u00ab\u00a0incroyablement mauvaise\u00a0\u00bb.<\/p>\n<p>Avec un bilan de 67 morts, il s\u2019agit de la pire catastrophe a\u00e9rienne aux Etats-Unis depuis qu\u2019un avion de ligne de la compagnie American Airlines s\u2019\u00e9tait \u00e9cras\u00e9 peu apr\u00e8s son d\u00e9collage de l\u2019a\u00e9roport John F. Kennedy \u00e0 New York en novembre 2001.<\/p>\n<p>Des \u00e9quipes de plongeurs, appuy\u00e9es par des navires de secours, retirent jeudi des corps des eaux glac\u00e9es du fleuve Potomac. Des d\u00e9bris des deux appareils en \u00e9mergent.<\/p>\n<p>\u00ab\u00a0Nous en sommes maintenant au stade o\u00f9 nous passons d\u2019une op\u00e9ration de sauvetage \u00e0 une op\u00e9ration de r\u00e9cup\u00e9ration\u00a0\u00bb des corps, avait annonc\u00e9 t\u00f4t jeudi matin le chef des pompiers de la ville de Washington, John Donnelly, en pr\u00e9cisant que 28 corps avaient \u00e9t\u00e9 r\u00e9cup\u00e9r\u00e9s jusque-l\u00e0.<\/p>\n<h3 class=\"ci-subtitle\">\u00ab\u00a0Absolument\u00a0\u00bb \u00e9vitable<\/h3>\n<p>&nbsp;<\/p>\n<p>La collision aurait \u00ab\u00a0absolument\u00a0\u00bb pu \u00eatre \u00e9vit\u00e9e, a estim\u00e9 \u00e0 son tour jeudi Sean Duffy, le nouveau ministre des Transports, dont la nomination vient juste d\u2019\u00eatre confirm\u00e9e par le S\u00e9nat am\u00e9ricain.<\/p>\n<p>L\u2019\u00e9quipage de l\u2019h\u00e9licopt\u00e8re \u00e9tait \u00ab\u00a0relativement exp\u00e9riment\u00e9\u00a0\u00bb et effectuait \u00ab\u00a0un vol de nuit d\u2019entra\u00eenement de routine\u00a0\u00bb, a dit le nouveau ministre de la D\u00e9fense, Pete Hegseth, sur le r\u00e9seau social X. Il \u00e9tait \u00e9quip\u00e9 de lunettes de vision nocturne, a-t-il pr\u00e9cis\u00e9.<\/p>\n<p>Une bande sonore des \u00e9changes dans la tour de contr\u00f4le permet d\u2019entendre les contr\u00f4leurs demander plusieurs fois au pilote de l\u2019h\u00e9licopt\u00e8re s\u2019il avait vu sur l\u2019avion, puis lui ordonner de \u00ab\u00a0passer derri\u00e8re\u00a0\u00bb ce dernier.<\/p>\n<p>\u00ab\u00a0J\u2019ai juste vu une boule de feu, et puis il a disparu\u00a0\u00bb, s\u2019exclame ensuite un contr\u00f4leur, apr\u00e8s que la communication avec l\u2019h\u00e9licopt\u00e8re a \u00e9t\u00e9 coup\u00e9e.<\/p>\n<p>Plusieurs personnes du milieu du patinage artistique am\u00e9ricain se trouvaient \u00e0 bord de l\u2019avion, ont rapport\u00e9 jeudi les m\u00e9dias am\u00e9ricains, tandis que Moscou a confirm\u00e9 la pr\u00e9sence \u00e0 bord de ressortissants du pays, parmi lesquels un couple d\u2019anciens patineurs. Il s\u2019agit des champions du monde 1994 Evgenia Shishkova et Vadim Naumov, devenus entra\u00eeneurs, selon des agences russes.<\/p>\n<p>Lire la suite sur <a href=\"https:\/\/kassataya.com\/2025\/01\/30\/pas-de-survivant-dans-la-catastrophe-aerienne-a-washington-trump-met-en-cause-la-diversite\/\">Pas de survivant dans la catastrophe a\u00e9rienne \u00e0 Washington, Trump met en cause la diversit\u00e9 &#8211; Kassataya Mauritanie<\/a><\/p>\n","protected":false},"excerpt":{"rendered":"<p>Le pr\u00e9sident am\u00e9ricain Donald Trump a mis en cause jeudi ses pr\u00e9d\u00e9cesseurs d\u00e9mocrates et les programmes faisant la promotion de la diversit\u00e9 dans la catastrophe a\u00e9rienne qui s&#8217;est produite au-dessus de Washington et a fait 67 morts. AFP\u00a0\u2013 \u00ab\u00a0Malheureusement, il n\u2019y a pas de survivant\u00a0\u00bb, a-t-il indiqu\u00e9 lors d\u2019un point presse, apr\u00e8s avoir observ\u00e9 une &hellip;<\/p>\n","protected":false},"author":2,"featured_media":13775,"comment_status":"open","ping_status":"open","sticky":false,"template":"","format":"standard","meta":{"footnotes":""},"categories":[18,29],"tags":[],"class_list":["post-13774","post","type-post","status-publish","format-standard","has-post-thumbnail","hentry","category-actualites","category-monde"],"_links":{"self":[{"href":"https:\/\/ladepeche.mr\/index.php?rest_route=\/wp\/v2\/posts\/13774","targetHints":{"allow":["GET"]}}],"collection":[{"href":"https:\/\/ladepeche.mr\/index.php?rest_route=\/wp\/v2\/posts"}],"about":[{"href":"https:\/\/ladepeche.mr\/index.php?rest_route=\/wp\/v2\/types\/post"}],"author":[{"embeddable":true,"href":"https:\/\/ladepeche.mr\/index.php?rest_route=\/wp\/v2\/users\/2"}],"replies":[{"embeddable":true,"href":"https:\/\/ladepeche.mr\/index.php?rest_route=%2Fwp%2Fv2%2Fcomments&post=13774"}],"version-history":[{"count":2,"href":"https:\/\/ladepeche.mr\/index.php?rest_route=\/wp\/v2\/posts\/13774\/revisions"}],"predecessor-version":[{"id":13777,"href":"https:\/\/ladepeche.mr\/index.php?rest_route=\/wp\/v2\/posts\/13774\/revisions\/13777"}],"wp:featuredmedia":[{"embeddable":true,"href":"https:\/\/ladepeche.mr\/index.php?rest_route=\/wp\/v2\/media\/13775"}],"wp:attachment":[{"href":"https:\/\/ladepeche.mr\/index.php?rest_route=%2Fwp%2Fv2%2Fmedia&parent=13774"}],"wp:term":[{"taxonomy":"category","embeddable":true,"href":"https:\/\/ladepeche.mr\/index.php?rest_route=%2Fwp%2Fv2%2Fcategories&post=13774"},{"taxonomy":"post_tag","embeddable":true,"href":"https:\/\/ladepeche.mr\/index.php?rest_route=%2Fwp%2Fv2%2Ftags&post=13774"}],"curies":[{"name":"wp","href":"https:\/\/api.w.org\/{rel}","templated":true}]}}