{"id":13778,"date":"2025-01-31T09:45:01","date_gmt":"2025-01-31T09:45:01","guid":{"rendered":"https:\/\/ladepeche.mr\/?p=13778"},"modified":"2025-01-30T22:12:09","modified_gmt":"2025-01-30T22:12:09","slug":"suede-lhomme-ayant-brule-le-coran-en-2023-tue-par-balles","status":"publish","type":"post","link":"https:\/\/ladepeche.mr\/?p=13778","title":{"rendered":"Su\u00e8de: l&#8217;homme ayant br\u00fbl\u00e9 le Coran en 2023, tu\u00e9 par balles"},"content":{"rendered":"<p>Salwan Momika, qui avait d\u00e9clench\u00e9 des manifestations de col\u00e8re dans des pays musulmans en 2023 en br\u00fblant des exemplaires du Coran en Su\u00e8de, a \u00e9t\u00e9 tu\u00e9 par balles au sud-ouest de Stockholm dans la nuit de mercredi \u00e0 jeudi.<\/p>\n<p>Cinq personnes ont \u00e9t\u00e9 arr\u00eat\u00e9es dans le cadre de l&#8217;enqu\u00eate ouverte pour le meurtre de cet homme de 38 ans, r\u00e9fugi\u00e9 irakien de confession chr\u00e9tienne, a indiqu\u00e9 le procureur Rasmus \u00d6man \u00e0 l&#8217;AFP.<\/p>\n<p>Le Premier ministre su\u00e9dois Ulf Kristersson a soulign\u00e9 que les services de renseignement et de s\u00e9curit\u00e9 su\u00e9dois (S\u00e4po) &#8220;sont profond\u00e9ment impliqu\u00e9s, car il existe \u00e9videmment un risque de lien avec une puissance \u00e9trang\u00e8re&#8221;.<\/p>\n<p>&#8220;Il est trop t\u00f4t pour dire ce que cela signifie en mati\u00e8re de s\u00e9curit\u00e9, cela d\u00e9pend beaucoup de ce que la police et les services de s\u00e9curit\u00e9 d\u00e9couvriront&#8221;, a-t-il ajout\u00e9 lors d&#8217;une conf\u00e9rence de presse.<\/p>\n<p>Un tribunal de Stockholm devait rendre son jugement jeudi sur les accusations d&#8217;incitation \u00e0 la haine port\u00e9es contre Momika. Il a indiqu\u00e9 avoir report\u00e9 sa d\u00e9cision au 3 f\u00e9vrier.<\/p>\n<p>La police a expliqu\u00e9 avoir \u00e9t\u00e9 appel\u00e9e pour des tirs mercredi soir dans un immeuble d&#8217;habitation \u00e0 Sodert\u00e4lje, \u00e0 40 km au sud-ouest de Stockholm, o\u00f9 vivait Momika.<\/p>\n<p>A son arriv\u00e9e dans l&#8217;immeuble, elle a trouv\u00e9 &#8220;un homme touch\u00e9 par balles qui a \u00e9t\u00e9 emmen\u00e9 \u00e0 l&#8217;h\u00f4pital&#8221;, avant d&#8217;indiquer plus tard qu&#8217;il \u00e9tait mort, sans citer son nom.<\/p>\n<p>Selon plusieurs m\u00e9dias, Momika \u00e9tait en direct sur les r\u00e9seaux sociaux et son meurtre a peut-\u00eatre \u00e9t\u00e9 film\u00e9. Le quotidien Aftonbladet affirme que le meurtrier a pu s&#8217;infiltrer dans l&#8217;immeuble par le toit.<\/p>\n<p>En ao\u00fbt, Momika, ainsi qu&#8217;un autre homme, Salwan Najem, ont \u00e9t\u00e9 renvoy\u00e9s en justice pour &#8220;agitation contre un groupe ethnique&#8221; \u00e0 quatre reprises au cours de l&#8217;\u00e9t\u00e9 2023.<\/p>\n<p>Selon l&#8217;acte d&#8217;accusation, le duo a profan\u00e9 le Coran, y compris en le br\u00fblant tout en faisant des remarques d\u00e9sobligeantes sur les musulmans.<\/p>\n<p>&#8220;Je suis le prochain sur la liste&#8221;, a dit Salwan Najem sur X apr\u00e8s la mort de son acolyte.<\/p>\n<h4><strong>Permis de s\u00e9jour r\u00e9voqu\u00e9<\/strong><\/h4>\n<p>En mars 2024, Momika s&#8217;\u00e9tait rendu en Norv\u00e8ge apr\u00e8s la r\u00e9vocation de son permis de s\u00e9jour su\u00e9dois mais il avait \u00e9t\u00e9 expuls\u00e9 du pays et \u00e9tait revenu en Su\u00e8de.<\/p>\n<p>L&#8217;agence su\u00e9doise des Migrations avait r\u00e9voqu\u00e9 son permis de s\u00e9jour, jugeant qu&#8217;il leur avait fourni de fausses informations lors de sa demande d&#8217;asile.<\/p>\n<p>Un permis temporaire lui avait cependant \u00e9t\u00e9 octroy\u00e9, faute de pouvoir le renvoyer en Irak o\u00f9 il risquait la mort, selon les autorit\u00e9s su\u00e9doises.<\/p>\n<p>Les relations entre la Su\u00e8de et plusieurs pays du Moyen-Orient se sont d\u00e9t\u00e9rior\u00e9es \u00e0 l&#8217;\u00e9t\u00e9 2003 en raison des actes de profanation du Coran perp\u00e9tr\u00e9s par les deux hommes.<\/p>\n<p>Fin juin 2023, Momika avait pi\u00e9tin\u00e9 un exemplaire du Coran avant d&#8217;y glisser du bacon et d&#8217;en br\u00fbler quelques pages devant la plus grande mosqu\u00e9e de Stockholm au premier jour de l&#8217;A\u00efd al-Adha, f\u00eate c\u00e9l\u00e9br\u00e9e par les musulmans \u00e0 travers le monde.<\/p>\n<h4><strong>Ambassade su\u00e9doise prise d&#8217;assaut\u00a0<\/strong><\/h4>\n<p>En juillet 2023, des manifestants irakiens ont pris d&#8217;assaut l&#8217;ambassade de Su\u00e8de \u00e0 Bagdad \u00e0 deux reprises, d\u00e9clenchant la seconde fois des incendies dans l&#8217;enceinte de la repr\u00e9sentation diplomatique.<\/p>\n<p>En ao\u00fbt de la m\u00eame ann\u00e9e, le service de renseignement su\u00e9dois avait relev\u00e9 son niveau de menace \u00e0 quatre sur une \u00e9chelle de cinq, les profanations du Coran ayant fait du pays une &#8220;cible prioritaire&#8221;.<\/p>\n<p>Le gouvernement su\u00e9dois a condamn\u00e9 ces profanations tout en indiquant que la libert\u00e9 d&#8217;expression et de r\u00e9union \u00e9tait prot\u00e9g\u00e9e par la Constitution.<\/p>\n<p>Avant son exil en Su\u00e8de, les comptes sur les r\u00e9seaux sociaux de Salwan Momika t\u00e9moignaient d&#8217;une tentative de carri\u00e8re politique en Irak. Il avait notamment des liens avec un groupe arm\u00e9 chr\u00e9tien pendant la lutte contre le groupe Etat islamique et avait cr\u00e9\u00e9 un obscur parti politique syriaque.<\/p>\n<p>M. Momika avait assur\u00e9 en 2023 qu&#8217;il n&#8217;entendait pas &#8220;nuire \u00e0 ce pays qui (l)&#8217;a accueilli et qui a pr\u00e9serv\u00e9 (sa) dignit\u00e9&#8221;, ajoutant qu&#8217;il souhaitait voir le Coran interdit en Su\u00e8de. https:\/\/www.quid.ma\/international\/suede:-l-homme-ayant-brule-le-coran-en-2023,-tue-par-balles<\/p>\n","protected":false},"excerpt":{"rendered":"<p>Salwan Momika, qui avait d\u00e9clench\u00e9 des manifestations de col\u00e8re dans des pays musulmans en 2023 en br\u00fblant des exemplaires du Coran en Su\u00e8de, a \u00e9t\u00e9 tu\u00e9 par balles au sud-ouest de Stockholm dans la nuit de mercredi \u00e0 jeudi. Cinq personnes ont \u00e9t\u00e9 arr\u00eat\u00e9es dans le cadre de l&#8217;enqu\u00eate ouverte pour le meurtre de cet &hellip;<\/p>\n","protected":false},"author":2,"featured_media":13779,"comment_status":"open","ping_status":"open","sticky":false,"template":"","format":"standard","meta":{"footnotes":""},"categories":[18,29],"tags":[],"class_list":["post-13778","post","type-post","status-publish","format-standard","has-post-thumbnail","hentry","category-actualites","category-monde"],"_links":{"self":[{"href":"https:\/\/ladepeche.mr\/index.php?rest_route=\/wp\/v2\/posts\/13778","targetHints":{"allow":["GET"]}}],"collection":[{"href":"https:\/\/ladepeche.mr\/index.php?rest_route=\/wp\/v2\/posts"}],"about":[{"href":"https:\/\/ladepeche.mr\/index.php?rest_route=\/wp\/v2\/types\/post"}],"author":[{"embeddable":true,"href":"https:\/\/ladepeche.mr\/index.php?rest_route=\/wp\/v2\/users\/2"}],"replies":[{"embeddable":true,"href":"https:\/\/ladepeche.mr\/index.php?rest_route=%2Fwp%2Fv2%2Fcomments&post=13778"}],"version-history":[{"count":2,"href":"https:\/\/ladepeche.mr\/index.php?rest_route=\/wp\/v2\/posts\/13778\/revisions"}],"predecessor-version":[{"id":13781,"href":"https:\/\/ladepeche.mr\/index.php?rest_route=\/wp\/v2\/posts\/13778\/revisions\/13781"}],"wp:featuredmedia":[{"embeddable":true,"href":"https:\/\/ladepeche.mr\/index.php?rest_route=\/wp\/v2\/media\/13779"}],"wp:attachment":[{"href":"https:\/\/ladepeche.mr\/index.php?rest_route=%2Fwp%2Fv2%2Fmedia&parent=13778"}],"wp:term":[{"taxonomy":"category","embeddable":true,"href":"https:\/\/ladepeche.mr\/index.php?rest_route=%2Fwp%2Fv2%2Fcategories&post=13778"},{"taxonomy":"post_tag","embeddable":true,"href":"https:\/\/ladepeche.mr\/index.php?rest_route=%2Fwp%2Fv2%2Ftags&post=13778"}],"curies":[{"name":"wp","href":"https:\/\/api.w.org\/{rel}","templated":true}]}}