{"id":13785,"date":"2025-01-31T22:28:47","date_gmt":"2025-01-31T22:28:47","guid":{"rendered":"https:\/\/ladepeche.mr\/?p=13785"},"modified":"2025-01-31T22:35:18","modified_gmt":"2025-01-31T22:35:18","slug":"sahara-la-republique-du-yemen-reitere-sa-position-constante-en-soutien-a-la-marocanite-du-sahara","status":"publish","type":"post","link":"https:\/\/ladepeche.mr\/?p=13785","title":{"rendered":"Sahara- La R\u00e9publique du Y\u00e9men r\u00e9it\u00e8re sa position constante en soutien \u00e0 la marocanit\u00e9 du Sahara"},"content":{"rendered":"<p>La R\u00e9publique du Y\u00e9men a r\u00e9it\u00e9r\u00e9 sa position historique et constante en soutien \u00e0 l\u2019int\u00e9grit\u00e9 territoriale du Royaume et \u00e0 la marocanit\u00e9 du Sahara. S\u2019exprimant \u00e0 l\u2019occasion de la tenue, vendredi \u00e0 Rabat, de la 6\u00e8mesession de la Commission mixte Maroc-Y\u00e9men, le ministre y\u00e9m\u00e9nite des Affaires \u00e9trang\u00e8res et des Expatri\u00e9s, Shayea Mohsen Al-Zindani, a salu\u00e9 les efforts d\u00e9ploy\u00e9s par le Royaume pour parvenir \u00e0 une solution politique r\u00e9aliste bas\u00e9e sur le consensus, conform\u00e9ment aux r\u00e9solutions pertinentes y aff\u00e9rentes, adopt\u00e9es par le Conseil de s\u00e9curit\u00e9 de l\u2019ONU.<\/p>\n<p>De m\u00eame, M. Al-Zindani s\u2019est f\u00e9licit\u00e9 de l\u2019\u00e9lan international en soutien au plan d\u2019autonomie comme \u00e9tant la solution r\u00e9aliste, s\u00e9rieuse et cr\u00e9dible et la base pour mettre fin au conflit r\u00e9gional artificiel autour de cette question. Le ministre y\u00e9m\u00e9nite a \u00e9galement salu\u00e9 les efforts du Royaume visant \u00e0 d\u00e9velopper les r\u00e9gions du Sahara marocain, qui connaissent un d\u00e9veloppement \u00e9conomique et social sans pr\u00e9c\u00e9dent, notamment apr\u00e8s le lancement en 2015 par Sa Majest\u00e9 le Roi Mohammed VI du Nouveau mod\u00e8le de d\u00e9veloppement des Provinces du Sud du Royaume.<\/p>\n<p>MAP<\/p>\n","protected":false},"excerpt":{"rendered":"<p>La R\u00e9publique du Y\u00e9men a r\u00e9it\u00e9r\u00e9 sa position historique et constante en soutien \u00e0 l\u2019int\u00e9grit\u00e9 territoriale du Royaume et \u00e0 la marocanit\u00e9 du Sahara. S\u2019exprimant \u00e0 l\u2019occasion de la tenue, vendredi \u00e0 Rabat, de la 6\u00e8mesession de la Commission mixte Maroc-Y\u00e9men, le ministre y\u00e9m\u00e9nite des Affaires \u00e9trang\u00e8res et des Expatri\u00e9s, Shayea Mohsen Al-Zindani, a salu\u00e9 &hellip;<\/p>\n","protected":false},"author":2,"featured_media":13792,"comment_status":"open","ping_status":"open","sticky":false,"template":"","format":"standard","meta":{"footnotes":""},"categories":[18,29],"tags":[],"class_list":["post-13785","post","type-post","status-publish","format-standard","has-post-thumbnail","hentry","category-actualites","category-monde"],"_links":{"self":[{"href":"https:\/\/ladepeche.mr\/index.php?rest_route=\/wp\/v2\/posts\/13785","targetHints":{"allow":["GET"]}}],"collection":[{"href":"https:\/\/ladepeche.mr\/index.php?rest_route=\/wp\/v2\/posts"}],"about":[{"href":"https:\/\/ladepeche.mr\/index.php?rest_route=\/wp\/v2\/types\/post"}],"author":[{"embeddable":true,"href":"https:\/\/ladepeche.mr\/index.php?rest_route=\/wp\/v2\/users\/2"}],"replies":[{"embeddable":true,"href":"https:\/\/ladepeche.mr\/index.php?rest_route=%2Fwp%2Fv2%2Fcomments&post=13785"}],"version-history":[{"count":4,"href":"https:\/\/ladepeche.mr\/index.php?rest_route=\/wp\/v2\/posts\/13785\/revisions"}],"predecessor-version":[{"id":13793,"href":"https:\/\/ladepeche.mr\/index.php?rest_route=\/wp\/v2\/posts\/13785\/revisions\/13793"}],"wp:featuredmedia":[{"embeddable":true,"href":"https:\/\/ladepeche.mr\/index.php?rest_route=\/wp\/v2\/media\/13792"}],"wp:attachment":[{"href":"https:\/\/ladepeche.mr\/index.php?rest_route=%2Fwp%2Fv2%2Fmedia&parent=13785"}],"wp:term":[{"taxonomy":"category","embeddable":true,"href":"https:\/\/ladepeche.mr\/index.php?rest_route=%2Fwp%2Fv2%2Fcategories&post=13785"},{"taxonomy":"post_tag","embeddable":true,"href":"https:\/\/ladepeche.mr\/index.php?rest_route=%2Fwp%2Fv2%2Ftags&post=13785"}],"curies":[{"name":"wp","href":"https:\/\/api.w.org\/{rel}","templated":true}]}}