{"id":13796,"date":"2025-01-31T23:30:05","date_gmt":"2025-01-31T23:30:05","guid":{"rendered":"https:\/\/ladepeche.mr\/?p=13796"},"modified":"2025-02-01T11:48:35","modified_gmt":"2025-02-01T11:48:35","slug":"expulsion-aux-etats-unis-le-top-10-des-pays-africains-les-plus-touches","status":"publish","type":"post","link":"https:\/\/ladepeche.mr\/?p=13796","title":{"rendered":"Expulsions aux Etats-Unis: Le Top 10 des pays africains les plus touch\u00e9s&#8230;"},"content":{"rendered":"<p>Le pr\u00e9sident am\u00e9ricain Donald Trump joint l&#8217;acte \u00e0 la parole pour mettre en ex\u00e9cution sa promesse \u00e9lectorale de chasser les migrants dans son pays. Il vient d&#8217;inaugurer une vaste op\u00e9ration d\u2019expulsion des migrants en situation irr\u00e9guli\u00e8re aux \u00c9tats-Unis dans laquelle la Mauritanie figure en deuxi\u00e8me position, apr\u00e8s la Somalie, par le nombre de ses ressortissants concern\u00e9s par la mesure du nouveau pr\u00e9sident Us. Ils seraient au total 40.000 africains \u00e0 faire les frais du succ\u00e8s de Donald Trump.<\/p>\n<p>Voici le top 10 des pays africains et le nombre de leurs ressortissants concern\u00e9s.<\/p>\n<h2><strong>1. Somalie : 4 090 expulsions<\/strong><\/h2>\n<p>Les Somaliens sont les plus touch\u00e9s par cette politique. Ils sont 4 090 \u00e0 devoir quitter les \u00c9tats-Unis. La majorit\u00e9 d\u2019entre eux r\u00e9sidait depuis plusieurs ann\u00e9es dans le pays, fuyant l\u2019instabilit\u00e9 de leur pays d\u2019origine.<\/p>\n<h2><strong>2. Mauritanie : 3 822 expulsions<\/strong><\/h2>\n<p>Les Mauritaniens arrivent en deuxi\u00e8me position avec 3 822 expuls\u00e9s. Beaucoup avaient trouv\u00e9 refuge aux \u00c9tats-Unis pour \u00e9chapper aux discriminations et aux conditions de vie difficiles en Mauritanie.<\/p>\n<h2><strong>3. Ghana : 3 228 expulsions<\/strong><\/h2>\n<p>Le Ghana est le troisi\u00e8me pays le plus affect\u00e9 par cette mesure, avec 3 228 migrants concern\u00e9s. La communaut\u00e9 ghan\u00e9enne aux \u00c9tats-Unis est bien implant\u00e9e, mais plusieurs de ses membres sont d\u00e9sormais contraints au d\u00e9part.<\/p>\n<h2><strong>4. Guin\u00e9e : 1 897 expulsions<\/strong><\/h2>\n<p>Pr\u00e8s de 1 900 Guin\u00e9ens vont devoir quitter le territoire am\u00e9ricain. Beaucoup \u00e9taient en qu\u00eate de meilleures opportunit\u00e9s \u00e9conomiques et d\u2019un avenir stable.<\/p>\n<p>5- Le Cameroun figure parmi les pays impact\u00e9s avec 1 736 ressortissants en situation irr\u00e9guli\u00e8re concern\u00e9s par cette vague d\u2019expulsions.<\/p>\n<div class=\"custespcpe banner pt-0\" data-v-db6d1894=\"\">\n<div class=\"wrapper\" data-v-db6d1894=\"\">\n<div class=\"custespcpemain\" data-v-db6d1894=\"\">\n<div class=\"tw-w-full\" data-v-db6d1894=\"\">\n<div id=\"sas_45655\"><\/div>\n<\/div>\n<\/div>\n<\/div>\n<\/div>\n<h2><strong>6. \u00c9thiopie : 1 713 expulsions<\/strong><\/h2>\n<p>L\u2019\u00c9thiopie compte 1 713 de ses citoyens vis\u00e9s par cette mesure. Certains avaient fui les tensions politiques et les conflits internes.<\/p>\n<h2><strong>7. S\u00e9n\u00e9gal : 1 689 expulsions<\/strong><\/h2>\n<p>Les S\u00e9n\u00e9galais ne sont pas \u00e9pargn\u00e9s, avec 1 689 expuls\u00e9s. Nombre d\u2019entre eux travaillaient dans divers secteurs aux \u00c9tats-Unis.<\/p>\n<h2><strong>8. Sierra Leone : 1 563 expulsions<\/strong><\/h2>\n<p>La Sierra Leone voit 1 563 de ses ressortissants concern\u00e9s. Le pays, en reconstruction apr\u00e8s des ann\u00e9es de crise, pourrait peiner \u00e0 r\u00e9int\u00e9grer ces migrants.<\/p>\n<h2><strong>9. Lib\u00e9ria : 1 663 expulsions<\/strong><\/h2>\n<p>Le Lib\u00e9ria est \u00e9galement touch\u00e9, avec 1 663 expulsions recens\u00e9es. Ces personnes avaient \u00e9migr\u00e9 principalement pour des raisons \u00e9conomiques.<\/p>\n<h2><strong>10. C\u00f4te d\u2019Ivoire : 1 224 expulsions<\/strong><\/h2>\n<p>Les Ivoiriens sont aussi dans la ligne de mire, avec 1 224 concern\u00e9s. Beaucoup esp\u00e9raient obtenir un statut de r\u00e9sident permanent apr\u00e8s plusieurs ann\u00e9es pass\u00e9es sur le sol am\u00e9ricain.<\/p>\n<p>(avec m\u00e9dias)<\/p>\n","protected":false},"excerpt":{"rendered":"<p>Le pr\u00e9sident am\u00e9ricain Donald Trump joint l&#8217;acte \u00e0 la parole pour mettre en ex\u00e9cution sa promesse \u00e9lectorale de chasser les migrants dans son pays. Il vient d&#8217;inaugurer une vaste op\u00e9ration d\u2019expulsion des migrants en situation irr\u00e9guli\u00e8re aux \u00c9tats-Unis dans laquelle la Mauritanie figure en deuxi\u00e8me position, apr\u00e8s la Somalie, par le nombre de ses ressortissants &hellip;<\/p>\n","protected":false},"author":2,"featured_media":13798,"comment_status":"open","ping_status":"open","sticky":false,"template":"","format":"standard","meta":{"footnotes":""},"categories":[18,29],"tags":[],"class_list":["post-13796","post","type-post","status-publish","format-standard","has-post-thumbnail","hentry","category-actualites","category-monde"],"_links":{"self":[{"href":"https:\/\/ladepeche.mr\/index.php?rest_route=\/wp\/v2\/posts\/13796","targetHints":{"allow":["GET"]}}],"collection":[{"href":"https:\/\/ladepeche.mr\/index.php?rest_route=\/wp\/v2\/posts"}],"about":[{"href":"https:\/\/ladepeche.mr\/index.php?rest_route=\/wp\/v2\/types\/post"}],"author":[{"embeddable":true,"href":"https:\/\/ladepeche.mr\/index.php?rest_route=\/wp\/v2\/users\/2"}],"replies":[{"embeddable":true,"href":"https:\/\/ladepeche.mr\/index.php?rest_route=%2Fwp%2Fv2%2Fcomments&post=13796"}],"version-history":[{"count":3,"href":"https:\/\/ladepeche.mr\/index.php?rest_route=\/wp\/v2\/posts\/13796\/revisions"}],"predecessor-version":[{"id":13812,"href":"https:\/\/ladepeche.mr\/index.php?rest_route=\/wp\/v2\/posts\/13796\/revisions\/13812"}],"wp:featuredmedia":[{"embeddable":true,"href":"https:\/\/ladepeche.mr\/index.php?rest_route=\/wp\/v2\/media\/13798"}],"wp:attachment":[{"href":"https:\/\/ladepeche.mr\/index.php?rest_route=%2Fwp%2Fv2%2Fmedia&parent=13796"}],"wp:term":[{"taxonomy":"category","embeddable":true,"href":"https:\/\/ladepeche.mr\/index.php?rest_route=%2Fwp%2Fv2%2Fcategories&post=13796"},{"taxonomy":"post_tag","embeddable":true,"href":"https:\/\/ladepeche.mr\/index.php?rest_route=%2Fwp%2Fv2%2Ftags&post=13796"}],"curies":[{"name":"wp","href":"https:\/\/api.w.org\/{rel}","templated":true}]}}