{"id":13801,"date":"2025-01-31T23:29:15","date_gmt":"2025-01-31T23:29:15","guid":{"rendered":"https:\/\/ladepeche.mr\/?p=13801"},"modified":"2025-01-31T23:29:15","modified_gmt":"2025-01-31T23:29:15","slug":"le-president-de-la-republique-presente-ses-condoleances-au-president-americain","status":"publish","type":"post","link":"https:\/\/ladepeche.mr\/?p=13801","title":{"rendered":"Le Pr\u00e9sident de la R\u00e9publique pr\u00e9sente ses condol\u00e9ances au Pr\u00e9sident am\u00e9ricain"},"content":{"rendered":"<p>Le Pr\u00e9sident de la R\u00e9publique, Son Excellence Monsieur Mohamed Ould Cheikh El Ghazouani a adress\u00e9 le message de condol\u00e9ances qui suit au Pr\u00e9sident des \u00c9tats-Unis d\u2019Am\u00e9rique, Son Excellence M. Donald Trump, suite \u00e0 une collision entre un avion de ligne et un h\u00e9licopt\u00e8re militaire qui a caus\u00e9 des victimes.<\/p>\n<p>Le message est ainsi libell\u00e9<\/p>\n<p>\u201cExcellence<\/p>\n<p>Nous avons appris avec une grande douleur la nouvelle de la collision entre un avion de passagers et un h\u00e9licopt\u00e8re militaire \u00e0 Washington DC, et les victimes qui en ont r\u00e9sult\u00e9.<\/p>\n<p>En cette triste occasion, je vous exprime, au nom du gouvernement et du peuple mauritaniens, et en mon nom propre, le sentiment de douleur de cette grande perte que nous partageons avec votre Excellence et votre peuple ami.<\/p>\n<p>Je vous adresse \u00e9galement, et \u00e0 travers vous aux familles des victimes, mes condol\u00e9ances les plus attrist\u00e9es et ma sinc\u00e8re sympathie, en souhaitant aux bless\u00e9s un prompt r\u00e9tablissement.<\/p>\n<p>Mohamed Ould Cheikh El Ghazouani, Pr\u00e9sident de la R\u00e9publique Islamique de Mauritanie\u201d.<\/p>\n<p>Ami<\/p>\n","protected":false},"excerpt":{"rendered":"<p>Le Pr\u00e9sident de la R\u00e9publique, Son Excellence Monsieur Mohamed Ould Cheikh El Ghazouani a adress\u00e9 le message de condol\u00e9ances qui suit au Pr\u00e9sident des \u00c9tats-Unis d\u2019Am\u00e9rique, Son Excellence M. Donald Trump, suite \u00e0 une collision entre un avion de ligne et un h\u00e9licopt\u00e8re militaire qui a caus\u00e9 des victimes. Le message est ainsi libell\u00e9 \u201cExcellence &hellip;<\/p>\n","protected":false},"author":2,"featured_media":13802,"comment_status":"open","ping_status":"open","sticky":false,"template":"","format":"standard","meta":{"footnotes":""},"categories":[18,29],"tags":[],"class_list":["post-13801","post","type-post","status-publish","format-standard","has-post-thumbnail","hentry","category-actualites","category-monde"],"_links":{"self":[{"href":"https:\/\/ladepeche.mr\/index.php?rest_route=\/wp\/v2\/posts\/13801","targetHints":{"allow":["GET"]}}],"collection":[{"href":"https:\/\/ladepeche.mr\/index.php?rest_route=\/wp\/v2\/posts"}],"about":[{"href":"https:\/\/ladepeche.mr\/index.php?rest_route=\/wp\/v2\/types\/post"}],"author":[{"embeddable":true,"href":"https:\/\/ladepeche.mr\/index.php?rest_route=\/wp\/v2\/users\/2"}],"replies":[{"embeddable":true,"href":"https:\/\/ladepeche.mr\/index.php?rest_route=%2Fwp%2Fv2%2Fcomments&post=13801"}],"version-history":[{"count":1,"href":"https:\/\/ladepeche.mr\/index.php?rest_route=\/wp\/v2\/posts\/13801\/revisions"}],"predecessor-version":[{"id":13803,"href":"https:\/\/ladepeche.mr\/index.php?rest_route=\/wp\/v2\/posts\/13801\/revisions\/13803"}],"wp:featuredmedia":[{"embeddable":true,"href":"https:\/\/ladepeche.mr\/index.php?rest_route=\/wp\/v2\/media\/13802"}],"wp:attachment":[{"href":"https:\/\/ladepeche.mr\/index.php?rest_route=%2Fwp%2Fv2%2Fmedia&parent=13801"}],"wp:term":[{"taxonomy":"category","embeddable":true,"href":"https:\/\/ladepeche.mr\/index.php?rest_route=%2Fwp%2Fv2%2Fcategories&post=13801"},{"taxonomy":"post_tag","embeddable":true,"href":"https:\/\/ladepeche.mr\/index.php?rest_route=%2Fwp%2Fv2%2Ftags&post=13801"}],"curies":[{"name":"wp","href":"https:\/\/api.w.org\/{rel}","templated":true}]}}