{"id":13804,"date":"2025-02-01T11:34:59","date_gmt":"2025-02-01T11:34:59","guid":{"rendered":"https:\/\/ladepeche.mr\/?p=13804"},"modified":"2025-02-01T11:36:51","modified_gmt":"2025-02-01T11:36:51","slug":"prise-en-charge-des-refugies-maliens-les-autorites-politiques-lancent-un-appel-daide-a-la-communaute-internationale","status":"publish","type":"post","link":"https:\/\/ladepeche.mr\/?p=13804","title":{"rendered":"Prise en charge des r\u00e9fugi\u00e9s maliens: Les autorit\u00e9s politiques lancent un appel d&#8217;aide \u00e0 la communaut\u00e9 internationale"},"content":{"rendered":"<p>Les autorit\u00e9s mauritaniennes ont lanc\u00e9 vendredi un appel d&#8217;aide \u00e0 la communaut\u00e9 internationale pour financer le d\u00e9ficit de la strat\u00e9gie de prise en charge des r\u00e9fugi\u00e9s maliens chiffr\u00e9 \u00e0 152,2 millions de dollars.<\/p>\n<p>A ce jour, le financement mobilis\u00e9 pour la prise en charge des r\u00e9fugi\u00e9s maliens dont le nombre a presque doubl\u00e9 en 2024.ne d\u00e9passerait pas les 78 millions de dollars.<\/p>\n<p>Confront\u00e9es aux vagues migratoires de r\u00e9fugi\u00e9s fuyant l&#8217;ins\u00e9curit\u00e9 dans leur pays, les autorit\u00e9s mauritaniennes font face \u00e0 des co\u00fbts \u00e9normes de cette prise en charge que le pays n&#8217;a pas les moyens de satisfaire. Malgr\u00e9 ses efforts, le gouvernement mauritanien enregistre un &#8220;d\u00e9calage entre les besoins (des r\u00e9fugi\u00e9s) et les capacit\u00e9s nationales&#8221; \u00e0 y faire face.<\/p>\n<p>Le constat de d\u00e9ficit dans cette prise en charge du d\u00e9fi des flux des r\u00e9fugi\u00e9s a \u00e9t\u00e9\u00a0 dress\u00e9, vendredi, par le ministre d\u00e9l\u00e9gu\u00e9 aupr\u00e8s du ministre de l\u2019\u00c9conomie et des Finances, charg\u00e9 du Budget, M. Codioro Moussa N\u2019Guenore, lors d\u2019une session de travail ax\u00e9e sur le plan de r\u00e9ponse et de r\u00e9silience pour les r\u00e9fugi\u00e9s maliens en Mauritanie.<\/p>\n<p>Lors de cette r\u00e9union, tenue en pr\u00e9sence des partenaires au d\u00e9veloppement et des repr\u00e9sentants des secteurs gouvernementaux concern\u00e9s, le ministre a donn\u00e9 les d\u00e9tails des efforts d\u00e9ploy\u00e9s par le Gouvernement et mis en exergue les obstacles rencontr\u00e9s dans la prise en charge des r\u00e9fugi\u00e9s maliens.<\/p>\n<p>Officiellement, la Mauritanie accueille actuellement pr\u00e8s de 400.000 r\u00e9fugi\u00e9s provenant du Mali \u00e0 cause de l&#8217;ins\u00e9curit\u00e9 dans le nord du pays.<\/p>\n<p>&nbsp;<\/p>\n","protected":false},"excerpt":{"rendered":"<p>Les autorit\u00e9s mauritaniennes ont lanc\u00e9 vendredi un appel d&#8217;aide \u00e0 la communaut\u00e9 internationale pour financer le d\u00e9ficit de la strat\u00e9gie de prise en charge des r\u00e9fugi\u00e9s maliens chiffr\u00e9 \u00e0 152,2 millions de dollars. A ce jour, le financement mobilis\u00e9 pour la prise en charge des r\u00e9fugi\u00e9s maliens dont le nombre a presque doubl\u00e9 en 2024.ne &hellip;<\/p>\n","protected":false},"author":2,"featured_media":13805,"comment_status":"open","ping_status":"open","sticky":false,"template":"","format":"standard","meta":{"footnotes":""},"categories":[18,29],"tags":[],"class_list":["post-13804","post","type-post","status-publish","format-standard","has-post-thumbnail","hentry","category-actualites","category-monde"],"_links":{"self":[{"href":"https:\/\/ladepeche.mr\/index.php?rest_route=\/wp\/v2\/posts\/13804","targetHints":{"allow":["GET"]}}],"collection":[{"href":"https:\/\/ladepeche.mr\/index.php?rest_route=\/wp\/v2\/posts"}],"about":[{"href":"https:\/\/ladepeche.mr\/index.php?rest_route=\/wp\/v2\/types\/post"}],"author":[{"embeddable":true,"href":"https:\/\/ladepeche.mr\/index.php?rest_route=\/wp\/v2\/users\/2"}],"replies":[{"embeddable":true,"href":"https:\/\/ladepeche.mr\/index.php?rest_route=%2Fwp%2Fv2%2Fcomments&post=13804"}],"version-history":[{"count":3,"href":"https:\/\/ladepeche.mr\/index.php?rest_route=\/wp\/v2\/posts\/13804\/revisions"}],"predecessor-version":[{"id":13808,"href":"https:\/\/ladepeche.mr\/index.php?rest_route=\/wp\/v2\/posts\/13804\/revisions\/13808"}],"wp:featuredmedia":[{"embeddable":true,"href":"https:\/\/ladepeche.mr\/index.php?rest_route=\/wp\/v2\/media\/13805"}],"wp:attachment":[{"href":"https:\/\/ladepeche.mr\/index.php?rest_route=%2Fwp%2Fv2%2Fmedia&parent=13804"}],"wp:term":[{"taxonomy":"category","embeddable":true,"href":"https:\/\/ladepeche.mr\/index.php?rest_route=%2Fwp%2Fv2%2Fcategories&post=13804"},{"taxonomy":"post_tag","embeddable":true,"href":"https:\/\/ladepeche.mr\/index.php?rest_route=%2Fwp%2Fv2%2Ftags&post=13804"}],"curies":[{"name":"wp","href":"https:\/\/api.w.org\/{rel}","templated":true}]}}