{"id":13809,"date":"2025-02-01T12:15:13","date_gmt":"2025-02-01T12:15:13","guid":{"rendered":"https:\/\/ladepeche.mr\/?p=13809"},"modified":"2025-02-01T11:47:51","modified_gmt":"2025-02-01T11:47:51","slug":"la-mauritanie-ouvre-la-premiere-academie-de-football-reconnue-par-la-fifa-en-afrique","status":"publish","type":"post","link":"https:\/\/ladepeche.mr\/?p=13809","title":{"rendered":"La Mauritanie ouvre la premi\u00e8re acad\u00e9mie de football reconnue par la FIFA en Afrique"},"content":{"rendered":"<p>Le 25 f\u00e9vrier, la Mauritanie entrera dans l\u2019histoire en devenant le premier pays africain \u00e0 disposer d\u2019une acad\u00e9mie de football affili\u00e9e \u00e0 la FIFA. La c\u00e9r\u00e9monie officielle marquant la labellisation de l\u2019Acad\u00e9mie FFRIM aura lieu \u00e0 Nouakchott, au complexe sportif de la F\u00e9d\u00e9ration Mauritanienne de Football (FFRIM).<\/p>\n<p>Des personnalit\u00e9s politiques et du football de renom assisteront \u00e0 cet \u00e9v\u00e9nement historique, qui marquera un tournant dans le d\u00e9veloppement du football jeunesse dans le pays et \u00e0 travers toute l\u2019Afrique.<\/p>\n<p>Pour finaliser les pr\u00e9paratifs de l&#8217;\u00e9v\u00e9nement, un groupe de la FIFA s\u2019est rendu \u00e0 Nouakchott le 30 janvier. Dirig\u00e9e par M. Amit Desai et Mme Alex Heute Ramos, la d\u00e9l\u00e9gation a rencontr\u00e9 le pr\u00e9sident de la FFRIM, Ahmed Yahya, et d&#8217;autres responsables afin de s\u2019assurer de la bonne organisation de l&#8217;\u00e9v\u00e9nement.<\/p>\n<p>En rejoignant le programme de d\u00e9veloppement des talents de la FIFA, l\u2019Acad\u00e9mie FFRIM permettra de fixer de nouvelles normes pour le d\u00e9veloppement du football continental, en offrant \u00e0 la jeunesse mauritanienne de meilleures infrastructures, formations et opportunit\u00e9s.<\/p>\n<p>Cet accomplissement ne profitera pas seulement au football local, mais encouragera \u00e9galement d&#8217;autres f\u00e9d\u00e9rations africaines \u00e0 suivre l&#8217;exemple de la Mauritanie en construisant des acad\u00e9mies de football organis\u00e9es et soutenues par la FIFA. Le programme offrira plus de possibilit\u00e9s internationales aux jeunes joueurs et pourrait changer consid\u00e9rablement l\u2019avenir du football africain.<\/p>\n<p><a href=\"https:\/\/dailysports.net\/fr\/news\/la-mauritanie-ouvre-la-premiere-academie-de-football-reconnue-par-la-fifa-en-afrique\/\">La Mauritanie ouvre la premi\u00e8re acad\u00e9mie de football reconnue par la FIFA en Afrique | Dailysports<\/a><\/p>\n","protected":false},"excerpt":{"rendered":"<p>Le 25 f\u00e9vrier, la Mauritanie entrera dans l\u2019histoire en devenant le premier pays africain \u00e0 disposer d\u2019une acad\u00e9mie de football affili\u00e9e \u00e0 la FIFA. La c\u00e9r\u00e9monie officielle marquant la labellisation de l\u2019Acad\u00e9mie FFRIM aura lieu \u00e0 Nouakchott, au complexe sportif de la F\u00e9d\u00e9ration Mauritanienne de Football (FFRIM). Des personnalit\u00e9s politiques et du football de renom &hellip;<\/p>\n","protected":false},"author":2,"featured_media":13810,"comment_status":"open","ping_status":"open","sticky":false,"template":"","format":"standard","meta":{"footnotes":""},"categories":[18,17],"tags":[],"class_list":["post-13809","post","type-post","status-publish","format-standard","has-post-thumbnail","hentry","category-actualites","category-sports"],"_links":{"self":[{"href":"https:\/\/ladepeche.mr\/index.php?rest_route=\/wp\/v2\/posts\/13809","targetHints":{"allow":["GET"]}}],"collection":[{"href":"https:\/\/ladepeche.mr\/index.php?rest_route=\/wp\/v2\/posts"}],"about":[{"href":"https:\/\/ladepeche.mr\/index.php?rest_route=\/wp\/v2\/types\/post"}],"author":[{"embeddable":true,"href":"https:\/\/ladepeche.mr\/index.php?rest_route=\/wp\/v2\/users\/2"}],"replies":[{"embeddable":true,"href":"https:\/\/ladepeche.mr\/index.php?rest_route=%2Fwp%2Fv2%2Fcomments&post=13809"}],"version-history":[{"count":1,"href":"https:\/\/ladepeche.mr\/index.php?rest_route=\/wp\/v2\/posts\/13809\/revisions"}],"predecessor-version":[{"id":13811,"href":"https:\/\/ladepeche.mr\/index.php?rest_route=\/wp\/v2\/posts\/13809\/revisions\/13811"}],"wp:featuredmedia":[{"embeddable":true,"href":"https:\/\/ladepeche.mr\/index.php?rest_route=\/wp\/v2\/media\/13810"}],"wp:attachment":[{"href":"https:\/\/ladepeche.mr\/index.php?rest_route=%2Fwp%2Fv2%2Fmedia&parent=13809"}],"wp:term":[{"taxonomy":"category","embeddable":true,"href":"https:\/\/ladepeche.mr\/index.php?rest_route=%2Fwp%2Fv2%2Fcategories&post=13809"},{"taxonomy":"post_tag","embeddable":true,"href":"https:\/\/ladepeche.mr\/index.php?rest_route=%2Fwp%2Fv2%2Ftags&post=13809"}],"curies":[{"name":"wp","href":"https:\/\/api.w.org\/{rel}","templated":true}]}}