{"id":13813,"date":"2025-02-01T12:45:56","date_gmt":"2025-02-01T12:45:56","guid":{"rendered":"https:\/\/ladepeche.mr\/?p=13813"},"modified":"2025-02-01T12:15:23","modified_gmt":"2025-02-01T12:15:23","slug":"cloture-de-la-premiere-session-parlementaire-ordinaire-de-lannee-2024-2025","status":"publish","type":"post","link":"https:\/\/ladepeche.mr\/?p=13813","title":{"rendered":"Cl\u00f4ture de la premi\u00e8re session parlementaire ordinaire de l\u2019ann\u00e9e (2024-2025)"},"content":{"rendered":"<p>La premi\u00e8re session parlementaire ordinaire de l\u2019ann\u00e9e (2024-2025) a pris fin vendredi soir. La c\u00e9r\u00e9monie de cl\u00f4ture, \u00e0 laquelle ont pris part un certain nombre de membres du gouvernement, a \u00e9t\u00e9 marqu\u00e9e par un discours du pr\u00e9sident de l\u2019assembl\u00e9e nationale, M. Mohamed Bemba Meguett, qui a soulign\u00e9 que la protection et le d\u00e9veloppement de notre d\u00e9mocratie exigent des efforts concert\u00e9s et une r\u00e9ponse sinc\u00e8re \u00e0 la ferme conviction du pr\u00e9sident de la R\u00e9publique, Mohamed Ould Cheikh El-Ghazouani, d\u2019adopter le dialogue comme option, approche et moyen de gestion des diff\u00e9rences d\u2019opinions, de positions et de divergences de visions et de politiques.<\/p>\n<p>Il a pass\u00e9 en revue de mani\u00e8re d\u00e9taill\u00e9e les projets de loi les plus importants approuv\u00e9s par l\u2019Assembl\u00e9e nationale au cours de cette session, soulignant que l\u2019Assembl\u00e9e tenait \u00e9galement \u00e0 poursuivre son r\u00f4le diplomatique, en reconnaissance de l\u2019importance croissante de la diplomatie parlementaire dans le monde d\u2019aujourd\u2019hui, o\u00f9 elle a re\u00e7u et envoy\u00e9 de nombreuses missions parlementaires \u00e0 destination et en provenance de pays fr\u00e8res et amis et a particip\u00e9 activement \u00e0 de nombreux forums et conf\u00e9rences parlementaires. Ci-apr\u00e8s, le discours prononc\u00e9 par le pr\u00e9sident de l\u2019Assembl\u00e9e nationale :<\/p>\n<p>\u201cMessieurs les Ministres ;<\/p>\n<p>Chers coll\u00e8gues d\u00e9put\u00e9s,<\/p>\n<p>Mesdames et Messieurs ;<\/p>\n<p>Aujourd\u2019hui, nous arrivons au terme de notre premi\u00e8re session parlementaire ordinaire pour l\u2019ann\u00e9e 2024-2025, qui a \u00e9t\u00e9 une session parlementaire particuli\u00e8rement charg\u00e9e.<\/p>\n<p>Consid\u00e9r\u00e9e \u00e0 juste titre comme session budg\u00e9taire, elle a connu l\u2019examen et l\u2019adoption de deux projets de loi de finances : le projet de loi de finances initiale pour l\u2019ann\u00e9e 2025 et le projet de loi rectificative pour 2024.<\/p>\n<p>En outre, dans le domaine financier, un ensemble de textes a \u00e9t\u00e9 \u00e9tudi\u00e9 et adopt\u00e9 qui devraient renforcer l\u2019ind\u00e9pendance de la Banque Centrale de Mauritanie, \u00e9tablir le cadre l\u00e9gislatif des titres s\u00e9curis\u00e9s, instaurer le march\u00e9 financier et r\u00e9glementer les \u00e9tablissements de cr\u00e9dit.<\/p>\n<p>Sur le plan \u00e9conomique, des textes importants ont \u00e9t\u00e9 adopt\u00e9s devant b\u00e9n\u00e9ficier \u00e0 notre \u00e9conomie nationale. Notre honorable Assembl\u00e9e a adopt\u00e9 des projets de loi qui permettent notamment la ratification de conventions de financement et d\u2019entretien d\u2019infrastructures qui soutiennent la croissance, notamment dans les domaines de l\u2019\u00e9nergie et des routes. Par ailleurs, des textes qui stimulent l\u2019investissement ont \u00e9t\u00e9 adopt\u00e9s et d\u2019autres qui r\u00e9visent le code de l\u2019Urbanisme et de la Construction et op\u00e8rent la r\u00e9organisation d\u2019\u00e9tablissements et d\u2019entreprises publiques.<\/p>\n<p>D\u2019autre part, l\u2019ordre du jour de cette session a comport\u00e9 l\u2019introduction d\u2019amendements au statut des employ\u00e9s et agents contractuels de l\u2019Etat, au statut de la police nationale, ainsi qu\u2019une r\u00e9vision des codes du travail et de l\u2019\u00e9tat civil.<\/p>\n<p>Messieurs les Ministres ;<\/p>\n<p>Chers coll\u00e8gues d\u00e9put\u00e9s,<\/p>\n<p>Mesdames et Messieurs ;<\/p>\n<p>Parmi les textes que nous avons \u00e9galement adopt\u00e9s figure un projet de loi modifiant certaines dispositions de l\u2019ordonnance relative aux partis politiques, qui constituent un cadre institutionnel pour la formation et l\u2019expression de la volont\u00e9 politique dans tous les domaines de la vie publique, et un outil indispensable \u00e0 l\u2019ancrage de notre d\u00e9mocratie, que nous devons tous \u0153uvrer \u00e0 renforcer.<\/p>\n<p>Il ne fait aucun doute que vous conviendrez avec moi que la protection et le d\u00e9veloppement de notre d\u00e9mocratie n\u00e9cessitent les efforts concert\u00e9s de nous tous et une r\u00e9ponse sinc\u00e8re \u00e0 la ferme conviction de Son Excellence le Pr\u00e9sident de la R\u00e9publique, M. Mohamed Ould Cheikh El Ghazouani, d\u2019adopter le dialogue comme option, m\u00e9thode et moyen de g\u00e9rer les diff\u00e9rences d\u2019opinions et de positions et les disparit\u00e9s de visions et de politiques.<\/p>\n<p>Je saisis cette occasion pour vous inviter \u00e0 r\u00e9pondre \u00e0 l\u2019appel au dialogue global auquel Son Excellence le Pr\u00e9sident de la R\u00e9publique s\u2019est engag\u00e9 dans son programme \u00e9lectoral et dont Son Excellence le Premier Ministre a annonc\u00e9 devant notre \u00e9minente assembl\u00e9e, il y a une semaine, qu\u2019il serait bient\u00f4t mis en \u0153uvre.<\/p>\n<p>Chers coll\u00e8gues d\u00e9put\u00e9s,<\/p>\n<p>Ce travail parlementaire intensif a atteint son apog\u00e9e au cours de cette session avec la discussion du rapport pr\u00e9sent\u00e9 par Son Excellence Monsieur le Premier Ministre \u00e0 l\u2019Assembl\u00e9e nationale sur l\u2019activit\u00e9 du Gouvernement durant l\u2019ann\u00e9e \u00e9coul\u00e9e et sa pr\u00e9sentation des grandes lignes de son programme pour l\u2019ann\u00e9e en cours conform\u00e9ment aux dispositions de l\u2019article 73 de la Constitution.<\/p>\n<p>Ce rapport a fait l\u2019objet d\u2019un d\u00e9bat approfondi, qui a permis au gouvernement d\u2019\u00e9couter les commentaires, les opinions et l\u2019\u00e9valuation des politiques publiques par les honorables parlementaires, et de prendre connaissance, par leurs interventions, des pr\u00e9occupations et des aspirations de leurs \u00e9lecteurs. Vous \u00eates invit\u00e9s \u00e0 l\u2019accompagner dans la mise en \u0153uvre des engagements et les programmes qu\u2019il a annonc\u00e9s, en adoptant les lois n\u00e9cessaires et en surveillant les performances attendues.<\/p>\n<p>Mesdames et Messieurs,<\/p>\n<p>Ce rythme de travail \u00e9lev\u00e9 nous oblige \u00e0 am\u00e9liorer constamment nos outils de travail. Pour atteindre cet objectif, notre Chambre a constitu\u00e9, \u00e0 la demande d\u2019un certain nombre de ses d\u00e9put\u00e9s, une commission ad hoc, compos\u00e9e de diff\u00e9rents groupes parlementaires, charg\u00e9e de r\u00e9viser son r\u00e8glement int\u00e9rieur. Nous sommes impatients de d\u00e9battre et de voter les conclusions de ses travaux, si Allah le veut, au d\u00e9but de notre prochaine session parlementaire.<\/p>\n<p>Messieurs les Ministres ;<\/p>\n<p>Chers coll\u00e8gues d\u00e9put\u00e9s,<\/p>\n<p>Mesdames et Messieurs ;<\/p>\n<p>Au cours de cette session, nous avons \u00e9galement eu \u00e0 c\u0153ur de poursuivre notre r\u00f4le diplomatique, conscient de l\u2019importance croissante de la diplomatie parlementaire dans le monde d\u2019aujourd\u2019hui. Dans cette optique, nous avons re\u00e7u et envoy\u00e9 de nombreuses d\u00e9l\u00e9gations parlementaires vers et depuis des pays fr\u00e8res et amis, et avons particip\u00e9 activement \u00e0 de nombreux forums et conf\u00e9rences parlementaires, ce qui, nous l\u2019esp\u00e9rons, constituera un soutien solide \u00e0 la diplomatie traditionnelle de notre pays et \u00e0 ses positions fermes sur les causes justes, en particulier la cause palestinienne, pour laquelle nous saisissons cette occasion pour appr\u00e9cier la position officielle et populaire unanime de notre pays.<br \/>\nDans ce contexte, nous saluons l\u2019accord de cessez-le-feu r\u00e9cemment conclu pour mettre fin aux massacres commis contre notre peuple dans la bande de Gaza, et esp\u00e9rons qu\u2019il durera.<\/p>\n<p>Chers coll\u00e8gues d\u00e9put\u00e9s,<\/p>\n<p>Tout en f\u00e9licitant le gouvernement pour la disponibilit\u00e9 et le s\u00e9rieux dont il a fait preuve afin de faciliter le travail parlementaire au cours de cette session, je vous f\u00e9licite et vous remercie pour votre diligence, votre patience et votre pers\u00e9v\u00e9rance dans votre travail au cours de celle-ci.<\/p>\n<p>Je d\u00e9clare enfin \u2013 avec la b\u00e9n\u00e9diction d\u2019Allah \u2013 la cl\u00f4ture de la premi\u00e8re session parlementaire ordinaire pour l\u2019ann\u00e9e 2024-2025, conform\u00e9ment \u00e0 l\u2019article 52 (nouveau) de la Constitution et aux articles 54 et 55 du r\u00e8glement int\u00e9rieur de l\u2019Assembl\u00e9e nationale.<\/p>\n<p>Que la paix, la mis\u00e9ricorde et les b\u00e9n\u00e9dictions d\u2019Allah soient\u00a0sur\u00a0vous.<\/p>\n<p>Ami<\/p>\n","protected":false},"excerpt":{"rendered":"<p>La premi\u00e8re session parlementaire ordinaire de l\u2019ann\u00e9e (2024-2025) a pris fin vendredi soir. La c\u00e9r\u00e9monie de cl\u00f4ture, \u00e0 laquelle ont pris part un certain nombre de membres du gouvernement, a \u00e9t\u00e9 marqu\u00e9e par un discours du pr\u00e9sident de l\u2019assembl\u00e9e nationale, M. Mohamed Bemba Meguett, qui a soulign\u00e9 que la protection et le d\u00e9veloppement de notre &hellip;<\/p>\n","protected":false},"author":2,"featured_media":13814,"comment_status":"open","ping_status":"open","sticky":false,"template":"","format":"standard","meta":{"footnotes":""},"categories":[18,31],"tags":[],"class_list":["post-13813","post","type-post","status-publish","format-standard","has-post-thumbnail","hentry","category-actualites","category-politique-et-reportages"],"_links":{"self":[{"href":"https:\/\/ladepeche.mr\/index.php?rest_route=\/wp\/v2\/posts\/13813","targetHints":{"allow":["GET"]}}],"collection":[{"href":"https:\/\/ladepeche.mr\/index.php?rest_route=\/wp\/v2\/posts"}],"about":[{"href":"https:\/\/ladepeche.mr\/index.php?rest_route=\/wp\/v2\/types\/post"}],"author":[{"embeddable":true,"href":"https:\/\/ladepeche.mr\/index.php?rest_route=\/wp\/v2\/users\/2"}],"replies":[{"embeddable":true,"href":"https:\/\/ladepeche.mr\/index.php?rest_route=%2Fwp%2Fv2%2Fcomments&post=13813"}],"version-history":[{"count":1,"href":"https:\/\/ladepeche.mr\/index.php?rest_route=\/wp\/v2\/posts\/13813\/revisions"}],"predecessor-version":[{"id":13815,"href":"https:\/\/ladepeche.mr\/index.php?rest_route=\/wp\/v2\/posts\/13813\/revisions\/13815"}],"wp:featuredmedia":[{"embeddable":true,"href":"https:\/\/ladepeche.mr\/index.php?rest_route=\/wp\/v2\/media\/13814"}],"wp:attachment":[{"href":"https:\/\/ladepeche.mr\/index.php?rest_route=%2Fwp%2Fv2%2Fmedia&parent=13813"}],"wp:term":[{"taxonomy":"category","embeddable":true,"href":"https:\/\/ladepeche.mr\/index.php?rest_route=%2Fwp%2Fv2%2Fcategories&post=13813"},{"taxonomy":"post_tag","embeddable":true,"href":"https:\/\/ladepeche.mr\/index.php?rest_route=%2Fwp%2Fv2%2Ftags&post=13813"}],"curies":[{"name":"wp","href":"https:\/\/api.w.org\/{rel}","templated":true}]}}