{"id":13816,"date":"2025-02-01T13:45:27","date_gmt":"2025-02-01T13:45:27","guid":{"rendered":"https:\/\/ladepeche.mr\/?p=13816"},"modified":"2025-02-01T12:24:35","modified_gmt":"2025-02-01T12:24:35","slug":"egypte-manifestation-contre-le-deplacement-des-palestiniens","status":"publish","type":"post","link":"https:\/\/ladepeche.mr\/?p=13816","title":{"rendered":"\u00c9gypte : manifestation contre le d\u00e9placement des Palestiniens"},"content":{"rendered":"<p data-t=\"{&quot;n&quot;:&quot;blueLinks&quot;}\"><strong>Des milliers d\u2019\u00c9gyptiens se sont rassembl\u00e9s vendredi devant le poste-fronti\u00e8re de Rafah pour protester contre la proposition du pr\u00e9sident am\u00e9ricain Donald Trump visant \u00e0 d\u00e9placer les Palestiniens de Gaza vers l\u2019\u00c9gypte et la Jordanie.<\/strong><\/p>\n<p data-t=\"{&quot;n&quot;:&quot;blueLinks&quot;}\"><strong>Des milliers d\u2019\u00c9gyptiens se sont rassembl\u00e9s vendredi devant le poste-fronti\u00e8re de Rafah pour protester contre la proposition du pr\u00e9sident am\u00e9ricain Donald Trump visant \u00e0 d\u00e9placer les Palestiniens de Gaza vers l\u2019\u00c9gypte et la Jordanie.<\/strong><\/p>\n<p data-t=\"{&quot;n&quot;:&quot;blueLinks&quot;}\">Les manifestants, brandissant des drapeaux \u00e9gyptiens et palestiniens, ont d\u00e9nonc\u00e9 un projet qu\u2019ils consid\u00e8rent comme une atteinte \u00e0 l\u2019identit\u00e9 palestinienne et une tentative de d\u00e9stabilisation de la r\u00e9gion. Ils ont r\u00e9affirm\u00e9 leur soutien \u00e0 la cause palestinienne et leur opposition \u00e0 toute forme de d\u00e9placement forc\u00e9.<\/p>\n<div class=\"intra-article-module\" data-t=\"{&quot;n&quot;:&quot;intraArticle&quot;,&quot;t&quot;:13}\">\n<div class=\"articlePageIntraArticleFullWidth ad-slot-placeholder left-image-intra-ad collapsed\" data-ad-index=\"0\">\n<div class=\"intra-article-ad-full left-image-intra-ad\"><\/div>\n<\/div>\n<\/div>\n<p data-t=\"{&quot;n&quot;:&quot;blueLinks&quot;}\">Les autorit\u00e9s \u00e9gyptiennes et jordaniennes ont rapidement rejet\u00e9 cette proposition, soulignant qu\u2019elle \u00e9tait inacceptable et contraire aux droits du peuple palestinien.<\/p>\n<p data-t=\"{&quot;n&quot;:&quot;blueLinks&quot;}\"><em>\u00ab Je veux dire \u00e0 l&#8217;autre partie (Isra\u00ebl) que tout le peuple \u00e9gyptien soutient ses dirigeants politiques. Non au d\u00e9placement. Je pense que tous les pays arabes devraient suivre l&#8217;exemple de l&#8217;\u00c9gypte et de la Jordanie \u00bb,<\/em>\u00a0a d\u00e9clar\u00e9 Fathi Abu Hamda, membre du Parti des protecteurs de l&#8217;\u00c9gypte, lors de la manifestation.<\/p>\n<p><iframe loading=\"lazy\" title=\"\u00c9gypte : des centaines de manifestants mobilis\u00e9s contre la proposition de Trump \u2022 FRANCE 24\" width=\"500\" height=\"281\" src=\"https:\/\/www.youtube.com\/embed\/i2KR9lXu2Po?feature=oembed\" frameborder=\"0\" allow=\"accelerometer; autoplay; clipboard-write; encrypted-media; gyroscope; picture-in-picture; web-share\" referrerpolicy=\"strict-origin-when-cross-origin\" allowfullscreen><\/iframe><\/p>\n<p class=\"continue-read-break\" data-t=\"{&quot;n&quot;:&quot;blueLinks&quot;}\">Alors que des centaines de milliers de Palestiniens d\u00e9plac\u00e9s tentent de retourner vers le nord de Gaza, la proposition de Trump suscite une vive opposition dans la r\u00e9gion. De nombreux analystes estiment qu\u2019un tel d\u00e9placement serait une violation du droit international et pourrait aggraver les tensions au Moyen-Orient.<\/p>\n<div class=\"article-image-slot image-slot-placeholder\" data-doc-id=\"cms\/api\/amp\/image\/AA1yerwk\">\n<div class=\"article-image-slot\">\n<div class=\"article-image-container polished\" data-t=\"{&quot;n&quot;:&quot;OpenModal&quot;,&quot;t&quot;:13,&quot;b&quot;:8,&quot;c.i&quot;:&quot;AA1yefpt&quot;,&quot;c.l&quot;:false,&quot;c.t&quot;:13,&quot;c.v&quot;:&quot;news&quot;,&quot;c.c&quot;:&quot;others&quot;,&quot;c.b&quot;:&quot;Euronews fran\u00e7ais&quot;,&quot;c.bi&quot;:&quot;AA2qy7x&quot;,&quot;c.tv&quot;:&quot;politics&quot;,&quot;c.tc&quot;:&quot;government&quot;,&quot;c.hl&quot;:&quot;\u00c9gypte : manifestation contre le d\u00e9placement des Palestiniens&quot;}\" data-test-id=\"AA1yerwk\">Le rassemblement au poste-fronti\u00e8re de Rafah t\u00e9moigne du refus cat\u00e9gorique des \u00c9gyptiens de voir leur pays devenir une terre d\u2019accueil forc\u00e9e pour les Palestiniens. Il met \u00e9galement en lumi\u00e8re une solidarit\u00e9 arabe persistante face aux pressions internationales sur la question palestinienne.<\/div>\n<\/div>\n<\/div>\n","protected":false},"excerpt":{"rendered":"<p>Des milliers d\u2019\u00c9gyptiens se sont rassembl\u00e9s vendredi devant le poste-fronti\u00e8re de Rafah pour protester contre la proposition du pr\u00e9sident am\u00e9ricain Donald Trump visant \u00e0 d\u00e9placer les Palestiniens de Gaza vers l\u2019\u00c9gypte et la Jordanie. Des milliers d\u2019\u00c9gyptiens se sont rassembl\u00e9s vendredi devant le poste-fronti\u00e8re de Rafah pour protester contre la proposition du pr\u00e9sident am\u00e9ricain Donald &hellip;<\/p>\n","protected":false},"author":2,"featured_media":13817,"comment_status":"open","ping_status":"open","sticky":false,"template":"","format":"standard","meta":{"footnotes":""},"categories":[18,29],"tags":[],"class_list":["post-13816","post","type-post","status-publish","format-standard","has-post-thumbnail","hentry","category-actualites","category-monde"],"_links":{"self":[{"href":"https:\/\/ladepeche.mr\/index.php?rest_route=\/wp\/v2\/posts\/13816","targetHints":{"allow":["GET"]}}],"collection":[{"href":"https:\/\/ladepeche.mr\/index.php?rest_route=\/wp\/v2\/posts"}],"about":[{"href":"https:\/\/ladepeche.mr\/index.php?rest_route=\/wp\/v2\/types\/post"}],"author":[{"embeddable":true,"href":"https:\/\/ladepeche.mr\/index.php?rest_route=\/wp\/v2\/users\/2"}],"replies":[{"embeddable":true,"href":"https:\/\/ladepeche.mr\/index.php?rest_route=%2Fwp%2Fv2%2Fcomments&post=13816"}],"version-history":[{"count":1,"href":"https:\/\/ladepeche.mr\/index.php?rest_route=\/wp\/v2\/posts\/13816\/revisions"}],"predecessor-version":[{"id":13818,"href":"https:\/\/ladepeche.mr\/index.php?rest_route=\/wp\/v2\/posts\/13816\/revisions\/13818"}],"wp:featuredmedia":[{"embeddable":true,"href":"https:\/\/ladepeche.mr\/index.php?rest_route=\/wp\/v2\/media\/13817"}],"wp:attachment":[{"href":"https:\/\/ladepeche.mr\/index.php?rest_route=%2Fwp%2Fv2%2Fmedia&parent=13816"}],"wp:term":[{"taxonomy":"category","embeddable":true,"href":"https:\/\/ladepeche.mr\/index.php?rest_route=%2Fwp%2Fv2%2Fcategories&post=13816"},{"taxonomy":"post_tag","embeddable":true,"href":"https:\/\/ladepeche.mr\/index.php?rest_route=%2Fwp%2Fv2%2Ftags&post=13816"}],"curies":[{"name":"wp","href":"https:\/\/api.w.org\/{rel}","templated":true}]}}