{"id":13820,"date":"2025-02-01T14:45:00","date_gmt":"2025-02-01T14:45:00","guid":{"rendered":"https:\/\/ladepeche.mr\/?p=13820"},"modified":"2025-02-01T12:28:31","modified_gmt":"2025-02-01T12:28:31","slug":"flam-2025-memoire-transmission-et-identite-africaine-au-menu-dune-rencontre-litteraire","status":"publish","type":"post","link":"https:\/\/ladepeche.mr\/?p=13820","title":{"rendered":"FLAM 2025: M\u00e9moire, transmission et identit\u00e9 africaine au menu d\u2019une rencontre litt\u00e9raire"},"content":{"rendered":"<div class=\"node-tpl-ville-accroche\">Marrakech &#8211; Des \u00e9crivains et romanciers africains, r\u00e9unis jeudi \u00e0 Marrakech, ont d\u00e9battu de l&#8217;identit\u00e9 africaine, la m\u00e9moire et la transmission culturelle, le temps d\u2019une rencontre organis\u00e9e dans le cadre de la 3\u00e8me \u00e9dition du Festival du livre africain Marrakech (FLAM), sous le th\u00e8me \u201ccr\u00e9er pour se recr\u00e9er\u201d.<\/div>\n<div class=\"node-wrapper-img-corps\">\n<div class=\"node-tpl-corps\">\n<p data-t=\"{&quot;n&quot;:&quot;blueLinks&quot;}\">En tirant inspiration de leurs propres \u0153uvres et parcours, les auteurs ont mis l&#8217;accent sur plusieurs th\u00e9matiques en lien avec l\u2019appartenance, l\u2019histoire et le r\u00f4le de la litt\u00e9rature dans la construction des r\u00e9cits individuels et collectifs.<\/p>\n<p data-t=\"{&quot;n&quot;:&quot;blueLinks&quot;}\">Dans ce sens, l\u2019\u00e9crivain et homme de th\u00e9\u00e2tre rwandais, Dorcy Rugamba, a pr\u00e9sent\u00e9 des extraits de son ouvrage charg\u00e9 d\u2019histoire et de m\u00e9moire, \u201cHewa Rwanda : Lettres aux absents\u201d, un hommage \u00e0 sa famille disparue et, au-del\u00e0, aux victimes du g\u00e9nocide de 1994.<\/p>\n<div class=\"intra-article-module\" data-t=\"{&quot;n&quot;:&quot;intraArticle&quot;,&quot;t&quot;:13}\">\n<div class=\"articlePageIntraArticleFullWidth ad-slot-placeholder left-image-intra-ad collapsed\" data-ad-index=\"0\">\n<div class=\"intra-article-ad-full left-image-intra-ad\"><\/div>\n<\/div>\n<\/div>\n<p data-t=\"{&quot;n&quot;:&quot;blueLinks&quot;}\">M. Rugamba a indiqu\u00e9 qu\u2019\u00e0 travers son \u0153uvre, il cherche \u00e0 raviver les souvenirs et \u00e0 transmettre aux nouvelles g\u00e9n\u00e9rations la n\u00e9cessit\u00e9 de ne pas oublier, soulignant que sa participation \u00e0 cette \u00e9dition du FLAM est \u00e9galement une occasion d\u2019\u00e9changer avec d\u2019autres auteurs africains qui partagent sa volont\u00e9 de mettre les mots au service de la m\u00e9moire.<\/p>\n<p data-t=\"{&quot;n&quot;:&quot;blueLinks&quot;}\">Pour sa part, le jeune romancier ivoirien, Nincemon Fall\u00e9, a pr\u00e9sent\u00e9 son ouvrage \u201cCes soleils ardents\u201d, un r\u00e9cit qui plonge dans les d\u00e9fis de la jeunesse africaine, explorant la transition de l\u2019enfance \u00e0 l\u2019\u00e2ge adulte, dans un contexte o\u00f9 les influences familiales et soci\u00e9tales fa\u00e7onnent les trajectoires.<\/p>\n<p data-t=\"{&quot;n&quot;:&quot;blueLinks&quot;}\">En d\u00e9crivant le parcours d\u2019un jeune \u00e9tudiant ivoirien, il met en lumi\u00e8re les espoirs, les aspirations et les obstacles auxquels sont confront\u00e9s de nombreux jeunes en qu\u00eate de r\u00e9ussite.<\/p>\n<p class=\"continue-read-break\" data-t=\"{&quot;n&quot;:&quot;blueLinks&quot;}\">L\u2019autrice originaire d\u2019Ha\u00efti, Marie-Denise Douyon a, quant \u00e0 elle, apport\u00e9 une touche singuli\u00e8re avec une approche qui cible principalement les jeunes enfants, \u00e0 travers des r\u00e9cits qui proposent une d\u00e9couverte ludique et po\u00e9tique des cultures africaines et carib\u00e9ennes.<\/p>\n<div class=\"intra-article-module\" data-t=\"{&quot;n&quot;:&quot;intraArticle&quot;,&quot;t&quot;:13}\">\n<div class=\"articlePageIntraArticleFullWidth ad-slot-placeholder left-image-intra-ad collapsed\" data-ad-index=\"1\">\n<div class=\"intra-article-ad-full left-image-intra-ad\"><\/div>\n<\/div>\n<\/div>\n<p data-t=\"{&quot;n&quot;:&quot;blueLinks&quot;}\">Dans une d\u00e9claration \u00e0 la MAP, elle a indiqu\u00e9 que ses histoires, ancr\u00e9es dans la diversit\u00e9 et l\u2019environnement, portent des messages d\u2019inclusion, d\u2019ouverture et de respect de l\u2019autre, offrant aux enfants une vision enrichie du monde.<\/p>\n<p data-t=\"{&quot;n&quot;:&quot;blueLinks&quot;}\">Le FLAM, devenu un rendez-vous culturel incontournable, vise \u00e0 contribuer au rayonnement culturel et artistique de l&#8217;Afrique tout en mettant en lumi\u00e8re la richesse de ses litt\u00e9ratures et de ses arts.<\/p>\n<p data-t=\"{&quot;n&quot;:&quot;blueLinks&quot;}\">Il cherche \u00e9galement \u00e0 encourager la culture, promouvoir l&#8217;\u00e9criture et soutenir le d\u00e9veloppement \u00e9conomique et social \u00e0 travers l&#8217;art.<\/p>\n<p data-t=\"{&quot;n&quot;:&quot;blueLinks&quot;}\">MAP<\/p>\n<\/div>\n<\/div>\n","protected":false},"excerpt":{"rendered":"<p>Marrakech &#8211; Des \u00e9crivains et romanciers africains, r\u00e9unis jeudi \u00e0 Marrakech, ont d\u00e9battu de l&#8217;identit\u00e9 africaine, la m\u00e9moire et la transmission culturelle, le temps d\u2019une rencontre organis\u00e9e dans le cadre de la 3\u00e8me \u00e9dition du Festival du livre africain Marrakech (FLAM), sous le th\u00e8me \u201ccr\u00e9er pour se recr\u00e9er\u201d. En tirant inspiration de leurs propres \u0153uvres &hellip;<\/p>\n","protected":false},"author":2,"featured_media":13821,"comment_status":"open","ping_status":"open","sticky":false,"template":"","format":"standard","meta":{"footnotes":""},"categories":[18,15],"tags":[],"class_list":["post-13820","post","type-post","status-publish","format-standard","has-post-thumbnail","hentry","category-actualites","category-culture"],"_links":{"self":[{"href":"https:\/\/ladepeche.mr\/index.php?rest_route=\/wp\/v2\/posts\/13820","targetHints":{"allow":["GET"]}}],"collection":[{"href":"https:\/\/ladepeche.mr\/index.php?rest_route=\/wp\/v2\/posts"}],"about":[{"href":"https:\/\/ladepeche.mr\/index.php?rest_route=\/wp\/v2\/types\/post"}],"author":[{"embeddable":true,"href":"https:\/\/ladepeche.mr\/index.php?rest_route=\/wp\/v2\/users\/2"}],"replies":[{"embeddable":true,"href":"https:\/\/ladepeche.mr\/index.php?rest_route=%2Fwp%2Fv2%2Fcomments&post=13820"}],"version-history":[{"count":1,"href":"https:\/\/ladepeche.mr\/index.php?rest_route=\/wp\/v2\/posts\/13820\/revisions"}],"predecessor-version":[{"id":13822,"href":"https:\/\/ladepeche.mr\/index.php?rest_route=\/wp\/v2\/posts\/13820\/revisions\/13822"}],"wp:featuredmedia":[{"embeddable":true,"href":"https:\/\/ladepeche.mr\/index.php?rest_route=\/wp\/v2\/media\/13821"}],"wp:attachment":[{"href":"https:\/\/ladepeche.mr\/index.php?rest_route=%2Fwp%2Fv2%2Fmedia&parent=13820"}],"wp:term":[{"taxonomy":"category","embeddable":true,"href":"https:\/\/ladepeche.mr\/index.php?rest_route=%2Fwp%2Fv2%2Fcategories&post=13820"},{"taxonomy":"post_tag","embeddable":true,"href":"https:\/\/ladepeche.mr\/index.php?rest_route=%2Fwp%2Fv2%2Ftags&post=13820"}],"curies":[{"name":"wp","href":"https:\/\/api.w.org\/{rel}","templated":true}]}}