{"id":13831,"date":"2025-02-02T11:45:22","date_gmt":"2025-02-02T11:45:22","guid":{"rendered":"https:\/\/ladepeche.mr\/?p=13831"},"modified":"2025-02-02T11:32:43","modified_gmt":"2025-02-02T11:32:43","slug":"trump-declare-la-guerre-commerciale-le-canada-monte-aux-barricades","status":"publish","type":"post","link":"https:\/\/ladepeche.mr\/?p=13831","title":{"rendered":"Trump d\u00e9clare la guerre commerciale, le Canada monte aux barricades"},"content":{"rendered":"<div class=\"sc-jbo7hw-9 bJFAej\">\n<p class=\"sc-jbo7hw-7 bmRUOl\">D\u00e8s mardi, tous les produits canadiens seront vis\u00e9s par des droits de douane am\u00e9ricains de 25 %, sauf les ressources \u00e9nerg\u00e9tiques, qui seront touch\u00e9es par un tarif de 10 %. En repr\u00e9sailles, Ottawa annonce des contre-tarifs progressifs.<\/p>\n<p class=\"sc-jbo7hw-7 bmRUOl\">Les tarifs douaniers am\u00e9ricains tant redout\u00e9s sont l\u00e0. Apr\u00e8s une attente qui aura dur\u00e9 plusieurs semaines, le pr\u00e9sident Donald Trump a finalement sign\u00e9 samedi un d\u00e9cret qui impose des droits de douane de 25\u00a0% sur les produits canadiens et mexicains, de m\u00eame qu&#8217;un tarif de 10\u00a0% sur ceux de la Chine. Le secteur \u00e9nerg\u00e9tique canadien, quant \u00e0 lui, sera frapp\u00e9 par des droits de douane de 10\u00a0%.<\/p>\n<p class=\"sc-jbo7hw-7 bmRUOl\">Ces mesures tarifaires entreront en vigueur le 4\u00a0f\u00e9vrier, selon le d\u00e9cret pr\u00e9sidentiel diffus\u00e9 samedi en fin de soir\u00e9e par la Maison-Blanche, intitul\u00e9\u00a0<q><span lang=\"fr\" title=\"Fran\u00e7ais\">Imposer des droits de douane pour r\u00e9pondre au flux de drogues illicites \u00e0 notre fronti\u00e8re nord<\/span><\/q>.<\/p>\n<p class=\"sc-jbo7hw-7 bmRUOl\">Le pr\u00e9sident Trump a invoqu\u00e9 la Loi sur les pouvoirs \u00e9conomiques d&#8217;urgence internationaux pour imposer ces droits de douane, disant vouloir lutter contre\u00a0<q><span lang=\"fr\" title=\"Fran\u00e7ais\">la menace extraordinaire pos\u00e9e par les migrants clandestins et le fentanyl<\/span><\/q>. Il s\u2019agit d\u2019une\u00a0<q><span lang=\"fr\" title=\"Fran\u00e7ais\">urgence nationale<\/span><\/q>, selon lui.<\/p>\n<p class=\"sc-jbo7hw-7 bmRUOl\">Ces tarifs seront en vigueur\u00a0<q><span lang=\"fr\" title=\"Fran\u00e7ais\">jusqu\u2019\u00e0 ce que la crise soit att\u00e9nu\u00e9e<\/span><\/q>, peut-on lire dans le document. Toutefois, des\u00a0<q><span lang=\"fr\" title=\"Fran\u00e7ais\">mesures suppl\u00e9mentaires<\/span><\/q>\u00a0pourront \u00e9galement \u00eatre annonc\u00e9es\u00a0<q><span lang=\"fr\" title=\"Fran\u00e7ais\">si le gouvernement du Canada ne prend pas de mesures ad\u00e9quates pour att\u00e9nuer les crises de la migration ill\u00e9gale et des drogues illicites<\/span><\/q>, poursuit le texte sans annoncer d\u2019\u00e9ch\u00e9ance. &#8220;Les gangs, les passeurs, les trafiquants d\u2019\u00eatres humains et les drogues illicites de toutes sortes ont afflu\u00e9 dans nos communaut\u00e9s \u00e0 travers nos fronti\u00e8res. Le Canada a jou\u00e9 un r\u00f4le central dans ce probl\u00e8me en n\u2019accordant pas suffisamment d\u2019attention et de ressources [&#8230;] pour endiguer efficacement la mar\u00e9e de drogues illicites.<\/p>\n<p>Lire la suite sur https:\/\/ici.radio-canada.ca\/nouvelle\/2137236\/trump-guerre-commerciale-canada-trudeau-riposte<\/p>\n<\/div>\n","protected":false},"excerpt":{"rendered":"<p>D\u00e8s mardi, tous les produits canadiens seront vis\u00e9s par des droits de douane am\u00e9ricains de 25 %, sauf les ressources \u00e9nerg\u00e9tiques, qui seront touch\u00e9es par un tarif de 10 %. En repr\u00e9sailles, Ottawa annonce des contre-tarifs progressifs. Les tarifs douaniers am\u00e9ricains tant redout\u00e9s sont l\u00e0. Apr\u00e8s une attente qui aura dur\u00e9 plusieurs semaines, le pr\u00e9sident &hellip;<\/p>\n","protected":false},"author":2,"featured_media":13832,"comment_status":"open","ping_status":"open","sticky":false,"template":"","format":"standard","meta":{"footnotes":""},"categories":[18,29],"tags":[],"class_list":["post-13831","post","type-post","status-publish","format-standard","has-post-thumbnail","hentry","category-actualites","category-monde"],"_links":{"self":[{"href":"https:\/\/ladepeche.mr\/index.php?rest_route=\/wp\/v2\/posts\/13831","targetHints":{"allow":["GET"]}}],"collection":[{"href":"https:\/\/ladepeche.mr\/index.php?rest_route=\/wp\/v2\/posts"}],"about":[{"href":"https:\/\/ladepeche.mr\/index.php?rest_route=\/wp\/v2\/types\/post"}],"author":[{"embeddable":true,"href":"https:\/\/ladepeche.mr\/index.php?rest_route=\/wp\/v2\/users\/2"}],"replies":[{"embeddable":true,"href":"https:\/\/ladepeche.mr\/index.php?rest_route=%2Fwp%2Fv2%2Fcomments&post=13831"}],"version-history":[{"count":1,"href":"https:\/\/ladepeche.mr\/index.php?rest_route=\/wp\/v2\/posts\/13831\/revisions"}],"predecessor-version":[{"id":13833,"href":"https:\/\/ladepeche.mr\/index.php?rest_route=\/wp\/v2\/posts\/13831\/revisions\/13833"}],"wp:featuredmedia":[{"embeddable":true,"href":"https:\/\/ladepeche.mr\/index.php?rest_route=\/wp\/v2\/media\/13832"}],"wp:attachment":[{"href":"https:\/\/ladepeche.mr\/index.php?rest_route=%2Fwp%2Fv2%2Fmedia&parent=13831"}],"wp:term":[{"taxonomy":"category","embeddable":true,"href":"https:\/\/ladepeche.mr\/index.php?rest_route=%2Fwp%2Fv2%2Fcategories&post=13831"},{"taxonomy":"post_tag","embeddable":true,"href":"https:\/\/ladepeche.mr\/index.php?rest_route=%2Fwp%2Fv2%2Ftags&post=13831"}],"curies":[{"name":"wp","href":"https:\/\/api.w.org\/{rel}","templated":true}]}}