{"id":13835,"date":"2025-02-02T13:47:15","date_gmt":"2025-02-02T13:47:15","guid":{"rendered":"https:\/\/ladepeche.mr\/?p=13835"},"modified":"2025-02-02T13:47:15","modified_gmt":"2025-02-02T13:47:15","slug":"sante-les-stocks-dinsuline-en-quantite-suffisante-ministere","status":"publish","type":"post","link":"https:\/\/ladepeche.mr\/?p=13835","title":{"rendered":"Sant\u00e9\u00a0: Les stocks d\u2019insuline en quantit\u00e9 suffisante (minist\u00e8re)"},"content":{"rendered":"<p>Le minist\u00e8re de la sant\u00e9 atteste d\u2019un avis diffus\u00e9 sur sa page facebook officielle que contrairement aux rumeurs r\u00e9pandues l\u2019insuline de marque Mix 30 existerait en quantit\u00e9 suffisante dans les stocks pharmaceutiques de la capitale et qu\u2019en g\u00e9n\u00e9ral, les m\u00e9dicaments pour les maladies chroniques, y compris les traitements du diab\u00e8te, seraient disponibles.<\/p>\n<p>Le minist\u00e8re explique cependant le retard de fourniture de certains m\u00e9dicaments aux pharmacies par \u00ab\u00a0des op\u00e9rations d\u2019inventaire annuelles et \u00e0 la \u00a0mise en place d\u2019un nouveau syst\u00e8me pour les responsables des entrep\u00f4ts\u00a0\u00bb. Ces contingences d\u2019organisation expliqueraient de m\u00eame source \u00ab\u00a0un retard partiel dans la vente au secteur priv\u00e9, en cours de r\u00e9solution\u00a0\u00bb.<\/p>\n<p>Le minist\u00e8re assure, par ailleurs, que les approvisionnements devraient \u00ab\u00a0reprendre au d\u00e9but de cette semaine\u00a0\u00bb et veut rassurer les patients quant \u00e0 ses efforts pour garantir la disponibilit\u00e9 de tous les m\u00e9dicaments n\u00e9cessaires.<\/p>\n<p>Il exhorte enfin les citoyens \u00e0 faire attention \u00e0 la propagation des rumeurs malveillantes soulignant \u00ab son engagement \u00e0 faire en sorte que les m\u00e9dicaments parviennent \u00e0 tous ceux qui en ont besoin \u00bb.<\/p>\n<p>Dans le rapport 2021 de la f\u00e9d\u00e9ration internationale de lutte contre le diab\u00e8te, le taux de pr\u00e9valence de cette maladie est 1.9% pr\u00e9valence pour un total de 45.000 cas r\u00e9pertori\u00e9s.<\/p>\n<div class=\"title\"><\/div>\n","protected":false},"excerpt":{"rendered":"<p>Le minist\u00e8re de la sant\u00e9 atteste d\u2019un avis diffus\u00e9 sur sa page facebook officielle que contrairement aux rumeurs r\u00e9pandues l\u2019insuline de marque Mix 30 existerait en quantit\u00e9 suffisante dans les stocks pharmaceutiques de la capitale et qu\u2019en g\u00e9n\u00e9ral, les m\u00e9dicaments pour les maladies chroniques, y compris les traitements du diab\u00e8te, seraient disponibles. Le minist\u00e8re explique &hellip;<\/p>\n","protected":false},"author":2,"featured_media":13836,"comment_status":"open","ping_status":"open","sticky":false,"template":"","format":"standard","meta":{"footnotes":""},"categories":[18,27],"tags":[],"class_list":["post-13835","post","type-post","status-publish","format-standard","has-post-thumbnail","hentry","category-actualites","category-sante"],"_links":{"self":[{"href":"https:\/\/ladepeche.mr\/index.php?rest_route=\/wp\/v2\/posts\/13835","targetHints":{"allow":["GET"]}}],"collection":[{"href":"https:\/\/ladepeche.mr\/index.php?rest_route=\/wp\/v2\/posts"}],"about":[{"href":"https:\/\/ladepeche.mr\/index.php?rest_route=\/wp\/v2\/types\/post"}],"author":[{"embeddable":true,"href":"https:\/\/ladepeche.mr\/index.php?rest_route=\/wp\/v2\/users\/2"}],"replies":[{"embeddable":true,"href":"https:\/\/ladepeche.mr\/index.php?rest_route=%2Fwp%2Fv2%2Fcomments&post=13835"}],"version-history":[{"count":1,"href":"https:\/\/ladepeche.mr\/index.php?rest_route=\/wp\/v2\/posts\/13835\/revisions"}],"predecessor-version":[{"id":13837,"href":"https:\/\/ladepeche.mr\/index.php?rest_route=\/wp\/v2\/posts\/13835\/revisions\/13837"}],"wp:featuredmedia":[{"embeddable":true,"href":"https:\/\/ladepeche.mr\/index.php?rest_route=\/wp\/v2\/media\/13836"}],"wp:attachment":[{"href":"https:\/\/ladepeche.mr\/index.php?rest_route=%2Fwp%2Fv2%2Fmedia&parent=13835"}],"wp:term":[{"taxonomy":"category","embeddable":true,"href":"https:\/\/ladepeche.mr\/index.php?rest_route=%2Fwp%2Fv2%2Fcategories&post=13835"},{"taxonomy":"post_tag","embeddable":true,"href":"https:\/\/ladepeche.mr\/index.php?rest_route=%2Fwp%2Fv2%2Ftags&post=13835"}],"curies":[{"name":"wp","href":"https:\/\/api.w.org\/{rel}","templated":true}]}}