{"id":13842,"date":"2025-02-02T16:34:11","date_gmt":"2025-02-02T16:34:11","guid":{"rendered":"https:\/\/ladepeche.mr\/?p=13842"},"modified":"2025-02-02T16:35:21","modified_gmt":"2025-02-02T16:35:21","slug":"politique-le-president-en-traitement-oculaire","status":"publish","type":"post","link":"https:\/\/ladepeche.mr\/?p=13842","title":{"rendered":"Politique: Le pr\u00e9sident en Espagne pour le suivi d&#8217;un traitement oculaire"},"content":{"rendered":"<p>Le pr\u00e9sident de la R\u00e9publique, Mohamed Ould Ghazouani, pr\u00e9sident exercice de l&#8217;Ua, serait en visite priv\u00e9e en Espagne pour la seconde fois, o\u00f9 il poursuit un traitement oculaire, apprend-on de bonne source.<br \/>\nLe traitement est administr\u00e9 pour une inflammation b\u00e9nigne au niveau de l&#8217;\u0153il gauche et, rel\u00e8verait d&#8217;un traitement r\u00e9gulier, &#8220;sans aucune gravit\u00e9&#8221; tient-on des m\u00eames sources.<\/p>\n","protected":false},"excerpt":{"rendered":"<p>Le pr\u00e9sident de la R\u00e9publique, Mohamed Ould Ghazouani, pr\u00e9sident exercice de l&#8217;Ua, serait en visite priv\u00e9e en Espagne pour la seconde fois, o\u00f9 il poursuit un traitement oculaire, apprend-on de bonne source. Le traitement est administr\u00e9 pour une inflammation b\u00e9nigne au niveau de l&#8217;\u0153il gauche et, rel\u00e8verait d&#8217;un traitement r\u00e9gulier, &#8220;sans aucune gravit\u00e9&#8221; tient-on des &hellip;<\/p>\n","protected":false},"author":2,"featured_media":7395,"comment_status":"open","ping_status":"open","sticky":false,"template":"","format":"standard","meta":{"footnotes":""},"categories":[18,31],"tags":[],"class_list":["post-13842","post","type-post","status-publish","format-standard","has-post-thumbnail","hentry","category-actualites","category-politique-et-reportages"],"_links":{"self":[{"href":"https:\/\/ladepeche.mr\/index.php?rest_route=\/wp\/v2\/posts\/13842","targetHints":{"allow":["GET"]}}],"collection":[{"href":"https:\/\/ladepeche.mr\/index.php?rest_route=\/wp\/v2\/posts"}],"about":[{"href":"https:\/\/ladepeche.mr\/index.php?rest_route=\/wp\/v2\/types\/post"}],"author":[{"embeddable":true,"href":"https:\/\/ladepeche.mr\/index.php?rest_route=\/wp\/v2\/users\/2"}],"replies":[{"embeddable":true,"href":"https:\/\/ladepeche.mr\/index.php?rest_route=%2Fwp%2Fv2%2Fcomments&post=13842"}],"version-history":[{"count":2,"href":"https:\/\/ladepeche.mr\/index.php?rest_route=\/wp\/v2\/posts\/13842\/revisions"}],"predecessor-version":[{"id":13844,"href":"https:\/\/ladepeche.mr\/index.php?rest_route=\/wp\/v2\/posts\/13842\/revisions\/13844"}],"wp:featuredmedia":[{"embeddable":true,"href":"https:\/\/ladepeche.mr\/index.php?rest_route=\/wp\/v2\/media\/7395"}],"wp:attachment":[{"href":"https:\/\/ladepeche.mr\/index.php?rest_route=%2Fwp%2Fv2%2Fmedia&parent=13842"}],"wp:term":[{"taxonomy":"category","embeddable":true,"href":"https:\/\/ladepeche.mr\/index.php?rest_route=%2Fwp%2Fv2%2Fcategories&post=13842"},{"taxonomy":"post_tag","embeddable":true,"href":"https:\/\/ladepeche.mr\/index.php?rest_route=%2Fwp%2Fv2%2Ftags&post=13842"}],"curies":[{"name":"wp","href":"https:\/\/api.w.org\/{rel}","templated":true}]}}