{"id":13845,"date":"2025-02-02T18:45:55","date_gmt":"2025-02-02T18:45:55","guid":{"rendered":"https:\/\/ladepeche.mr\/?p=13845"},"modified":"2025-02-02T18:35:26","modified_gmt":"2025-02-02T18:35:26","slug":"la-chine-se-prepare-a-une-nouvelle-guerre-commerciale-avec-les-etats-unis","status":"publish","type":"post","link":"https:\/\/ladepeche.mr\/?p=13845","title":{"rendered":"La Chine se pr\u00e9pare \u00e0 une nouvelle guerre commerciale avec les \u00c9tats-Unis"},"content":{"rendered":"<p class=\"t-content__chapo\">Dans quelques heures, le pr\u00e9sident am\u00e9ricain Donald Trump devrait mettre sa menace \u00e0 ex\u00e9cution en signant un d\u00e9cret imposant une augmentation des droits de douanes de 25% pour les produits venus de ses voisins canadiens et mexicains, et de 10% pour les importations en provenance de Chine. P\u00e9kin n&#8217;a pas encore officiellement r\u00e9agi mais pr\u00e9pare sa r\u00e9ponse depuis des mois.<\/p>\n<div class=\"t-content__dates t-content__dates--reading-time\">\n<p>Ce n&#8217;est pas une surprise, le premier mandat de\u00a0<strong><a href=\"https:\/\/www.rfi.fr\/fr\/tag\/donald-trump\/\" target=\"_self\">Donald Trump<\/a><\/strong>\u00a0avait d\u00e9j\u00e0 \u00e9t\u00e9 marqu\u00e9 par des tensions commerciales entre les deux pays, tensions qui d&#8217;ailleurs ont largement perdur\u00e9 sous Joe Biden.<\/p>\n<p>Les entreprises chinoises ont donc d\u00e9j\u00e0 relocalis\u00e9 une partie de leur production au\u00a0<strong><a href=\"https:\/\/www.rfi.fr\/fr\/asie-pacifique\/20240819-le-viet-nam-et-la-chine-signent-des-accords-de-coop%C3%A9ration-%C3%A0-l-occasion-de-la-visite-de-to-lam\" target=\"_self\">Vietnam<\/a><\/strong>\u00a0ou au Cambodge par exemple pour contourner ces nouvelles taxes.<\/p>\n<h2>P\u00e9kin en d\u00e9fenseur du multilat\u00e9ralisme<\/h2>\n<p>En attendant de futures n\u00e9gociations,\u00a0<strong><a href=\"https:\/\/www.rfi.fr\/fr\/tag\/chine\/\" target=\"_self\">P\u00e9kin<\/a><\/strong>\u00a0se pr\u00e9sente aux yeux du monde comme le d\u00e9fenseur du multilat\u00e9ralisme.<\/p>\n<p>Pour Ding Xuexiang, vice Premier ministre chinois, au Forum \u00e9conomique mondial de Davos, \u00ab\u00a0<em>nous sommes \u00e0 l&#8217;aube d&#8217;une nouvelle guerre commerciale. Bien s\u00fbr, la mondialisation peut provoquer des tensions, mais ces tensions ne peuvent \u00eatre r\u00e9solues qu&#8217;en faisant la promotion du multilat\u00e9ralisme. Le protectionnisme ne m\u00e8ne nulle part et les guerres commerciales n&#8217;ont pas de vainqueurs.\u00a0<\/em>\u00bb<\/p>\n<h2>Le soja ou Tesla<\/h2>\n<p>Ce qui ne veut pas dire que P\u00e9kin entend rester les bras crois\u00e9s. Les repr\u00e9sailles chinoises pourraient \u00e0 nouveau cibler les producteurs am\u00e9ricains de soja, tr\u00e8s d\u00e9pendants du march\u00e9 chinois, ou pourquoi pas Tesla, l&#8217;entreprise de voitures \u00e9lectriques d&#8217;Elon Musk, un proche alli\u00e9 de\u00a0<strong><a href=\"https:\/\/www.rfi.fr\/fr\/am%C3%A9riques\/20250131-%C3%A9tats-unis-trump-persiste-et-signe-sur-les-droits-de-douane-impos%C3%A9s-au-mexique-et-au-canada\" target=\"_self\">Donald Trump<\/a><\/strong>.<\/p>\n<p>Et si ces nouvelles taxes touchent des produits jusque-l\u00e0 \u00e9pargn\u00e9s comme l&#8217;\u00e9lectronique ou les iPhones, l&#8217;inflation pourrait repartir \u00e0 la hausse aux\u00a0<strong><a href=\"https:\/\/www.rfi.fr\/fr\/tag\/%C3%A9tats-unis\/\" target=\"_self\">\u00c9tats-Unis<\/a><\/strong>, transformant les consommateurs am\u00e9ricains en alli\u00e9s objectifs de P\u00e9kin.<\/p>\n<p>https:\/\/www.rfi.fr\/fr\/asie-pacifique\/20250201-la-chine-se-pr%C3%A9pare-%C3%A0-une-nouvelle-guerre-commerciale-avec-les-%C3%A9tats-unis?utm_medium=email&#038;utm_campaign=newsletter&#038;utm_source=rfi-nl-internationale-fr&#038;utm_email_send_date=%2020250201&#038;utm_email_recipient=245770&#038;utm_email_link=contenus&#038;_ope=eyJndWlkIjoiOTMwMjIwNGY3ZmZhNzMxODU0NDI3OTA1ZjdiOTc4NGUifQ%3D%3D<\/p>\n<\/div>\n","protected":false},"excerpt":{"rendered":"<p>Dans quelques heures, le pr\u00e9sident am\u00e9ricain Donald Trump devrait mettre sa menace \u00e0 ex\u00e9cution en signant un d\u00e9cret imposant une augmentation des droits de douanes de 25% pour les produits venus de ses voisins canadiens et mexicains, et de 10% pour les importations en provenance de Chine. P\u00e9kin n&#8217;a pas encore officiellement r\u00e9agi mais pr\u00e9pare &hellip;<\/p>\n","protected":false},"author":2,"featured_media":13846,"comment_status":"open","ping_status":"open","sticky":false,"template":"","format":"standard","meta":{"footnotes":""},"categories":[18,29],"tags":[],"class_list":["post-13845","post","type-post","status-publish","format-standard","has-post-thumbnail","hentry","category-actualites","category-monde"],"_links":{"self":[{"href":"https:\/\/ladepeche.mr\/index.php?rest_route=\/wp\/v2\/posts\/13845","targetHints":{"allow":["GET"]}}],"collection":[{"href":"https:\/\/ladepeche.mr\/index.php?rest_route=\/wp\/v2\/posts"}],"about":[{"href":"https:\/\/ladepeche.mr\/index.php?rest_route=\/wp\/v2\/types\/post"}],"author":[{"embeddable":true,"href":"https:\/\/ladepeche.mr\/index.php?rest_route=\/wp\/v2\/users\/2"}],"replies":[{"embeddable":true,"href":"https:\/\/ladepeche.mr\/index.php?rest_route=%2Fwp%2Fv2%2Fcomments&post=13845"}],"version-history":[{"count":1,"href":"https:\/\/ladepeche.mr\/index.php?rest_route=\/wp\/v2\/posts\/13845\/revisions"}],"predecessor-version":[{"id":13847,"href":"https:\/\/ladepeche.mr\/index.php?rest_route=\/wp\/v2\/posts\/13845\/revisions\/13847"}],"wp:featuredmedia":[{"embeddable":true,"href":"https:\/\/ladepeche.mr\/index.php?rest_route=\/wp\/v2\/media\/13846"}],"wp:attachment":[{"href":"https:\/\/ladepeche.mr\/index.php?rest_route=%2Fwp%2Fv2%2Fmedia&parent=13845"}],"wp:term":[{"taxonomy":"category","embeddable":true,"href":"https:\/\/ladepeche.mr\/index.php?rest_route=%2Fwp%2Fv2%2Fcategories&post=13845"},{"taxonomy":"post_tag","embeddable":true,"href":"https:\/\/ladepeche.mr\/index.php?rest_route=%2Fwp%2Fv2%2Ftags&post=13845"}],"curies":[{"name":"wp","href":"https:\/\/api.w.org\/{rel}","templated":true}]}}