{"id":13848,"date":"2025-02-02T20:45:33","date_gmt":"2025-02-02T20:45:33","guid":{"rendered":"https:\/\/ladepeche.mr\/?p=13848"},"modified":"2025-02-02T20:45:33","modified_gmt":"2025-02-02T20:45:33","slug":"ua-lengagement-resolu-du-maroc-en-faveur-de-la-promotion-de-la-paix-et-la-reconciliation-en-afrique-mis-en-avant-devant-le-cps","status":"publish","type":"post","link":"https:\/\/ladepeche.mr\/?p=13848","title":{"rendered":"UA: L\u2019engagement r\u00e9solu du Maroc en faveur de la promotion de la paix et la r\u00e9conciliation en Afrique mis en avant devant le CPS"},"content":{"rendered":"<p>Addis-Abeba &#8211; L\u2019engagement r\u00e9solu et constant du Maroc en faveur de la promotion de la paix et la r\u00e9conciliation en Afrique a \u00e9t\u00e9 mis en avant, vendredi 31 janvier, devant le Conseil de Paix et de s\u00e9curit\u00e9 (CPS) de l\u2019Union africaine (UA).<\/p>\n<p>Lors d\u2019une r\u00e9union du (CPS) de l\u2019UA, \u00e0 l&#8217;occasion de la comm\u00e9moration de la Journ\u00e9e africaine de la paix et de la r\u00e9conciliation, le Repr\u00e9sentant Permanent du Maroc aupr\u00e8s de l\u2019UA et de la CEA-ONU, Mohamed Arrouchi, a soulign\u00e9 cet engagement constant, notant que le Royaume pr\u00f4ne une approche multidimensionnelle, reconnaissant le lien entre la paix, la s\u00e9curit\u00e9 et le d\u00e9veloppement pour assurer une stabilit\u00e9 durable dans le continent.<\/p>\n<p>Face au paysage s\u00e9curitaire africain, marqu\u00e9 par la mont\u00e9e de la violence politique, du terrorisme et de l\u2019extr\u00e9misme violent, ainsi que par des difficult\u00e9s politiques, \u00e9conomiques et sociales, qui a un impact n\u00e9gatif sur les efforts de d\u00e9veloppement du continent, le Maroc reste engag\u00e9 r\u00e9solument et constamment \u00e0 favoriser la stabilit\u00e9 en Afrique, conform\u00e9ment aux Hautes Directives Royales de Sa Majest\u00e9 le Roi Mohammed VI, a soulign\u00e9 le diplomate.<\/p>\n<p>Cette situation d\u2019instabilit\u00e9 politique et s\u00e9curitaire a malheureusement de graves r\u00e9percussions affectant directement ou indirectement l\u2019ensemble de la population africaine, et continue d\u2019entraver les efforts continentaux visant \u00e0 r\u00e9soudre les probl\u00e8mes li\u00e9s \u00e0 la paix, \u00e0 la s\u00e9curit\u00e9 et \u00e0 la bonne gouvernance, a-t-il d\u00e9plor\u00e9.<\/p>\n<p>Dans ce contexte, et \u00e9tant que l\u2019approche exclusivement militaire a montr\u00e9 ses limites, le Maroc pr\u00f4ne une approche multidimensionnelle, reconnaissant le lien entre la paix, la s\u00e9curit\u00e9 et le d\u00e9veloppement pour assurer une stabilit\u00e9 durable dans le continent, a insist\u00e9 l\u2019ambassadeur.<\/p>\n<p>Par le biais de la m\u00e9diation, du renforcement des capacit\u00e9s et des partenariats strat\u00e9giques, le Royaume soutient activement les initiatives de paix men\u00e9es par l\u2019Afrique, la coop\u00e9ration r\u00e9gionale et le d\u00e9veloppement socio-\u00e9conomique, a-t-il encha\u00een\u00e9.<\/p>\n<p>En donnant la priorit\u00e9 au dialogue, \u00e0 la r\u00e9conciliation et \u00e0 l\u2019autonomisation \u00e9conomique, le Maroc continue de contribuer \u00e0 une Afrique pacifique, prosp\u00e8re et r\u00e9siliente o\u00f9 toutes les populations peuvent s\u2019\u00e9panouir, a conclu M. Arrouchi.<\/p>\n<p>(m\u00e9dia)<\/p>\n","protected":false},"excerpt":{"rendered":"<p>Addis-Abeba &#8211; L\u2019engagement r\u00e9solu et constant du Maroc en faveur de la promotion de la paix et la r\u00e9conciliation en Afrique a \u00e9t\u00e9 mis en avant, vendredi 31 janvier, devant le Conseil de Paix et de s\u00e9curit\u00e9 (CPS) de l\u2019Union africaine (UA). Lors d\u2019une r\u00e9union du (CPS) de l\u2019UA, \u00e0 l&#8217;occasion de la comm\u00e9moration de &hellip;<\/p>\n","protected":false},"author":2,"featured_media":13849,"comment_status":"open","ping_status":"open","sticky":false,"template":"","format":"standard","meta":{"footnotes":""},"categories":[18,29],"tags":[],"class_list":["post-13848","post","type-post","status-publish","format-standard","has-post-thumbnail","hentry","category-actualites","category-monde"],"_links":{"self":[{"href":"https:\/\/ladepeche.mr\/index.php?rest_route=\/wp\/v2\/posts\/13848","targetHints":{"allow":["GET"]}}],"collection":[{"href":"https:\/\/ladepeche.mr\/index.php?rest_route=\/wp\/v2\/posts"}],"about":[{"href":"https:\/\/ladepeche.mr\/index.php?rest_route=\/wp\/v2\/types\/post"}],"author":[{"embeddable":true,"href":"https:\/\/ladepeche.mr\/index.php?rest_route=\/wp\/v2\/users\/2"}],"replies":[{"embeddable":true,"href":"https:\/\/ladepeche.mr\/index.php?rest_route=%2Fwp%2Fv2%2Fcomments&post=13848"}],"version-history":[{"count":1,"href":"https:\/\/ladepeche.mr\/index.php?rest_route=\/wp\/v2\/posts\/13848\/revisions"}],"predecessor-version":[{"id":13850,"href":"https:\/\/ladepeche.mr\/index.php?rest_route=\/wp\/v2\/posts\/13848\/revisions\/13850"}],"wp:featuredmedia":[{"embeddable":true,"href":"https:\/\/ladepeche.mr\/index.php?rest_route=\/wp\/v2\/media\/13849"}],"wp:attachment":[{"href":"https:\/\/ladepeche.mr\/index.php?rest_route=%2Fwp%2Fv2%2Fmedia&parent=13848"}],"wp:term":[{"taxonomy":"category","embeddable":true,"href":"https:\/\/ladepeche.mr\/index.php?rest_route=%2Fwp%2Fv2%2Fcategories&post=13848"},{"taxonomy":"post_tag","embeddable":true,"href":"https:\/\/ladepeche.mr\/index.php?rest_route=%2Fwp%2Fv2%2Ftags&post=13848"}],"curies":[{"name":"wp","href":"https:\/\/api.w.org\/{rel}","templated":true}]}}