{"id":13854,"date":"2025-02-02T23:01:37","date_gmt":"2025-02-02T23:01:37","guid":{"rendered":"https:\/\/ladepeche.mr\/?p=13854"},"modified":"2025-02-02T23:01:37","modified_gmt":"2025-02-02T23:01:37","slug":"mef-le-syndicat-des-cadres-et-employes-grince-des-dents","status":"publish","type":"post","link":"https:\/\/ladepeche.mr\/?p=13854","title":{"rendered":"MEF\u00a0: le syndicat des cadres et employ\u00e9s grince des dents"},"content":{"rendered":"<p>Le Syndicat des cadres et employ\u00e9s du minist\u00e8re de l\u2019\u00e9conomie et des Finances n\u2019est pas all\u00e9 par quatre chemins pour indexer ce qu\u2019il consid\u00e8re comme un d\u00e9ficit de transparence dans la promotion des employ\u00e9s pointant un risque de \u00ab\u00a0n\u00e9potisme\u00a0\u00bb dans le d\u00e9partement, r\u00e9v\u00e8le-t-on dans les colonnes de nos confr\u00e8res de Alakhbar en arabe.<\/p>\n<p>Le syndicat qui appelle \u00e0 une r\u00e9forme administrative et financi\u00e8re dans le secteur dit regretter que le d\u00e9partement n\u2019ait pas pris en consid\u00e9ration ses propositions en vue d\u2019un changement idoine pour l\u2019am\u00e9lioration de la situation dans le minist\u00e8re.<\/p>\n<p>Selon la m\u00eame source, un responsable du Syndicat des cadres et employ\u00e9s du minist\u00e8re, Mohamed Mokhtar Wafi, aurait fait savoir sur la page Facebook du syndicat, que son organisation \u00e9tait \u00ab\u00a0soucieuse de d\u00e9fendre les droits mat\u00e9riels et moraux\u00bb de ses affili\u00e9s et qu\u2019elle avait d\u00e9j\u00e0 \u00ab\u00a0soumis plusieurs propositions aux responsables. Des propositions qui seraient rest\u00e9es lettre morte.<\/p>\n<p>Le secr\u00e9taire g\u00e9n\u00e9ral du syndicat, Hadrami Veydar, cit\u00e9 par la m\u00eame source, aurait exprim\u00e9 \u00ab\u00a0son inqui\u00e9tude face \u00e0 la non-publication des notes administratives\u00a0\u00bb y relevant \u00ab\u00a0des questions sur la transparence des d\u00e9cisions administratives\u00bb et des risques de \u00ab\u00a0manipulation\u00a0\u00bb.<\/p>\n<p>N\u00e9anmoins, le syndicat par la bouche de Wafi aurait soulign\u00e9 l\u2019int\u00e9r\u00eat de la coop\u00e9ration entre le syndicat et le minist\u00e8re pour introduire les r\u00e9formes strat\u00e9giques idoines pour une plus grande transparence en mati\u00e8re de promotions et d&#8217;avancements, et afin \u00ab\u00a0d&#8217;assurer la justice et l&#8217;\u00e9quit\u00e9 entre les employ\u00e9s\u00a0\u00bb et plus grande implication des repr\u00e9sentants des employ\u00e9s du d\u00e9partement.<\/p>\n","protected":false},"excerpt":{"rendered":"<p>Le Syndicat des cadres et employ\u00e9s du minist\u00e8re de l\u2019\u00e9conomie et des Finances n\u2019est pas all\u00e9 par quatre chemins pour indexer ce qu\u2019il consid\u00e8re comme un d\u00e9ficit de transparence dans la promotion des employ\u00e9s pointant un risque de \u00ab\u00a0n\u00e9potisme\u00a0\u00bb dans le d\u00e9partement, r\u00e9v\u00e8le-t-on dans les colonnes de nos confr\u00e8res de Alakhbar en arabe. Le syndicat &hellip;<\/p>\n","protected":false},"author":2,"featured_media":13855,"comment_status":"open","ping_status":"open","sticky":false,"template":"","format":"standard","meta":{"footnotes":""},"categories":[18,2],"tags":[],"class_list":["post-13854","post","type-post","status-publish","format-standard","has-post-thumbnail","hentry","category-actualites","category-economie"],"_links":{"self":[{"href":"https:\/\/ladepeche.mr\/index.php?rest_route=\/wp\/v2\/posts\/13854","targetHints":{"allow":["GET"]}}],"collection":[{"href":"https:\/\/ladepeche.mr\/index.php?rest_route=\/wp\/v2\/posts"}],"about":[{"href":"https:\/\/ladepeche.mr\/index.php?rest_route=\/wp\/v2\/types\/post"}],"author":[{"embeddable":true,"href":"https:\/\/ladepeche.mr\/index.php?rest_route=\/wp\/v2\/users\/2"}],"replies":[{"embeddable":true,"href":"https:\/\/ladepeche.mr\/index.php?rest_route=%2Fwp%2Fv2%2Fcomments&post=13854"}],"version-history":[{"count":1,"href":"https:\/\/ladepeche.mr\/index.php?rest_route=\/wp\/v2\/posts\/13854\/revisions"}],"predecessor-version":[{"id":13856,"href":"https:\/\/ladepeche.mr\/index.php?rest_route=\/wp\/v2\/posts\/13854\/revisions\/13856"}],"wp:featuredmedia":[{"embeddable":true,"href":"https:\/\/ladepeche.mr\/index.php?rest_route=\/wp\/v2\/media\/13855"}],"wp:attachment":[{"href":"https:\/\/ladepeche.mr\/index.php?rest_route=%2Fwp%2Fv2%2Fmedia&parent=13854"}],"wp:term":[{"taxonomy":"category","embeddable":true,"href":"https:\/\/ladepeche.mr\/index.php?rest_route=%2Fwp%2Fv2%2Fcategories&post=13854"},{"taxonomy":"post_tag","embeddable":true,"href":"https:\/\/ladepeche.mr\/index.php?rest_route=%2Fwp%2Fv2%2Ftags&post=13854"}],"curies":[{"name":"wp","href":"https:\/\/api.w.org\/{rel}","templated":true}]}}