{"id":13857,"date":"2025-02-03T13:33:40","date_gmt":"2025-02-03T13:33:40","guid":{"rendered":"https:\/\/ladepeche.mr\/?p=13857"},"modified":"2025-02-04T10:55:45","modified_gmt":"2025-02-04T10:55:45","slug":"cessez-le-feu-a-gaza-netanyahou-tente-dimpliquer-d-trump-dans-son-entreprise-genocidaire","status":"publish","type":"post","link":"https:\/\/ladepeche.mr\/?p=13857","title":{"rendered":"Cessez-le feu \u00e0 Gaza: Netanyahou tente d&#8217;impliquer D. Trump dans son entreprise g\u00e9nocidaire"},"content":{"rendered":"<p>Le premier ministre isra\u00e9lien est attendu mardi \u00e0 la Maison Blanche. Il constitue la principale menace \u00e0 l\u2019implosion de l\u2019accord de cessez-le feu obtenu par le nouveau pr\u00e9sident am\u00e9ricain, Donald Trump. Les familles des otages isra\u00e9liens ne sont pas en reste et mettent d\u00e9j\u00e0 en garde les USA contre les man\u0153uvres dilatoires du premier Ministre B. Netanyahou.<\/p>\n<p>Ce dernier est \u00e0 la t\u00eate d\u2019une coalition politique constitu\u00e9e d\u2019un rassemblement de tous les extr\u00e9mistes du pays et qui risquerait de voler en \u00e9clat comme le soutien, Smotrich, si la reprise de l\u2019agression contre Gaza n\u2019est plus \u00e0 l\u2019ordre du jour. Une \u00e9ventualit\u00e9 qu\u2019\u00e9carte pourtant du revers de la main l\u2019opposition isra\u00e9lienne dispos\u00e9e \u00e0 pr\u00eater main forte \u00e0 B. Netanyahou, pour combler le vide \u00e9ventuel de ses soutiens ultraorthodoxes. La seule condition pos\u00e9e par l\u2019opposition est de continuer de n\u00e9gocier la lib\u00e9ration de tous les otages isra\u00e9liens.<\/p>\n<p>Pour l\u2019heure donc, le cessez-le feu qui devrait continuer de courir jusqu\u2019en mars prochain, dans une suppos\u00e9e premi\u00e8re phase, reste entre les mains du pr\u00e9sident de l\u2019ex\u00e9cutif am\u00e9ricain et de sa capacit\u00e9 \u00e0 retenir l\u2019envie destructrice et g\u00e9nocidaire chez son h\u00f4te isra\u00e9lien.<\/p>\n<p>Y parviendra-t-il et \u00e0 quel prix ? Tout ce dont on se doute c\u2019est que le pr\u00e9sident am\u00e9ricain, en contact avec plusieurs leaders du monde arabe, favorables \u00e0 l\u2019ouverture d\u2019une nouvelle page dans les relations avec Isra\u00e9l, sur la base de la paix contre les territoires annex\u00e9s en 1967 et la solution \u00e0 deux Etats, souhaiterait achever un dossier dont il avait commenc\u00e9 \u00e0 mettre en place les premiers germes. L\u2019objectif du pr\u00e9sident us serait \u00ab d\u2019imposer \u00bb aux bellig\u00e9rants du conflit arabo-isra\u00e9lien une paix durable par une reconnaissance mutuelle. Quoique accus\u00e9 d\u2019\u00eatre un \u00abhomme sans \u00e9tat d\u2019\u00e2me\u00bb, le pr\u00e9sident D. Trump voudrait, pour l\u2019histoire, \u00eatre le premier pr\u00e9sident am\u00e9ricain \u00e0 imposer la paix dans cette r\u00e9gion meurtrie par pr\u00e8s d\u2019un si\u00e8cle de guerre et d\u2019instabilit\u00e9 suite \u00e0 l\u2019annexion des territoires palestiniens par Isra\u00e9l en 1948.<\/p>\n<p>Artisan du rapprochement, lors de son premier mandat, entre des pays leaders dans le monde arabe, dans le cadre des accords d\u2019Abraham, le pr\u00e9sident am\u00e9ricain, qui a ouvert des fronts \u00e9conomiques dans sa guerre contre la Chine, le Canada, le Mexique et sans doute l\u2019Europe, dans un proche avenir, souhaiterait, sans doute garder la main sur ce dossier tr\u00e8s co\u00fbteux pour les Etats-Unis en termes de soutien \u00e0 Isra\u00e9l et de risques d\u2019incompr\u00e9hension avec les pays arabes au moment o\u00f9 le camp des brics s\u2019\u00e9tend de plus en plus mena\u00e7ant l\u2019embl\u00e8me du dollar.<\/p>\n<p>Mais il y a aussi, sur un plan politique et moral, l\u2019affaire des otages rest\u00e9s entre les mains du Hamas. Leur ayant-droits craignent, en effet, que pour sauver son cabinet, le premier Ministre, B. Netanyahou ne mine l\u2019accord de cessez-le feu que les Usa souhaiteraient d\u00e9finitif pour d\u00e9rouler leur nouvelle strat\u00e9gie d\u2019endiguement dans la r\u00e9gion. Les signes avant-coureurs des man\u0153uvres du gouvernement isra\u00e9lien ont d\u00e9j\u00e0 commenc\u00e9 en mettant des b\u00e2tons dans les roues d\u2019une fluidit\u00e9 des accords de cessez-le feu parrain\u00e9s par D. Trump. B.Netanyahou d\u00e9ploie ainsi une tentative de blocage de la premi\u00e8re phase de l\u2019accord.<\/p>\n<p>JD<\/p>\n","protected":false},"excerpt":{"rendered":"<p>Le premier ministre isra\u00e9lien est attendu mardi \u00e0 la Maison Blanche. Il constitue la principale menace \u00e0 l\u2019implosion de l\u2019accord de cessez-le feu obtenu par le nouveau pr\u00e9sident am\u00e9ricain, Donald Trump. Les familles des otages isra\u00e9liens ne sont pas en reste et mettent d\u00e9j\u00e0 en garde les USA contre les man\u0153uvres dilatoires du premier Ministre &hellip;<\/p>\n","protected":false},"author":2,"featured_media":13858,"comment_status":"open","ping_status":"open","sticky":false,"template":"","format":"standard","meta":{"footnotes":""},"categories":[18,29],"tags":[],"class_list":["post-13857","post","type-post","status-publish","format-standard","has-post-thumbnail","hentry","category-actualites","category-monde"],"_links":{"self":[{"href":"https:\/\/ladepeche.mr\/index.php?rest_route=\/wp\/v2\/posts\/13857","targetHints":{"allow":["GET"]}}],"collection":[{"href":"https:\/\/ladepeche.mr\/index.php?rest_route=\/wp\/v2\/posts"}],"about":[{"href":"https:\/\/ladepeche.mr\/index.php?rest_route=\/wp\/v2\/types\/post"}],"author":[{"embeddable":true,"href":"https:\/\/ladepeche.mr\/index.php?rest_route=\/wp\/v2\/users\/2"}],"replies":[{"embeddable":true,"href":"https:\/\/ladepeche.mr\/index.php?rest_route=%2Fwp%2Fv2%2Fcomments&post=13857"}],"version-history":[{"count":7,"href":"https:\/\/ladepeche.mr\/index.php?rest_route=\/wp\/v2\/posts\/13857\/revisions"}],"predecessor-version":[{"id":13869,"href":"https:\/\/ladepeche.mr\/index.php?rest_route=\/wp\/v2\/posts\/13857\/revisions\/13869"}],"wp:featuredmedia":[{"embeddable":true,"href":"https:\/\/ladepeche.mr\/index.php?rest_route=\/wp\/v2\/media\/13858"}],"wp:attachment":[{"href":"https:\/\/ladepeche.mr\/index.php?rest_route=%2Fwp%2Fv2%2Fmedia&parent=13857"}],"wp:term":[{"taxonomy":"category","embeddable":true,"href":"https:\/\/ladepeche.mr\/index.php?rest_route=%2Fwp%2Fv2%2Fcategories&post=13857"},{"taxonomy":"post_tag","embeddable":true,"href":"https:\/\/ladepeche.mr\/index.php?rest_route=%2Fwp%2Fv2%2Ftags&post=13857"}],"curies":[{"name":"wp","href":"https:\/\/api.w.org\/{rel}","templated":true}]}}