{"id":13866,"date":"2025-02-03T15:04:28","date_gmt":"2025-02-03T15:04:28","guid":{"rendered":"https:\/\/ladepeche.mr\/?p=13866"},"modified":"2025-02-03T15:04:28","modified_gmt":"2025-02-03T15:04:28","slug":"le-gouverneur-de-la-bcm-decore-des-fonctionnaires-de-la-banque","status":"publish","type":"post","link":"https:\/\/ladepeche.mr\/?p=13866","title":{"rendered":"Le gouverneur de la BCM d\u00e9core des fonctionnaires de la banque"},"content":{"rendered":"<p>Le gouverneur de la Banque Centrale de Mauritanie, M. Mohamed Lemine Ould Dhehbi, a, au nom du Pr\u00e9sident de la R\u00e9publique, Monsieur Mohamed Ould Cheikh El Ghazouani, d\u00e9cor\u00e9, lundi \u00e0 Nouakchott, des fonctionnaires et des employ\u00e9s de la banque.<\/p>\n<p>Ces d\u00e9corations s\u2019inscrivent dans le cadre des festivit\u00e9s comm\u00e9morant le 64e anniversaire de la f\u00eate de l\u2019ind\u00e9pendance nationale, et concernent les personnes dont les noms suivent :<\/p>\n<p>De la M\u00e9daille de Reconnaissance de l\u2019Ordre du M\u00e9rite national:<\/p>\n<p>\u2013 M. Khattari Mohamed Baba Moustapha, directeur g\u00e9n\u00e9ral de la direction des syst\u00e8mes et m\u00e9thodes de paiement,<\/p>\n<p>\u2013 M. Sadvi Mohamedou El Yezid, directeur g\u00e9n\u00e9ral de la direction de la comptabilit\u00e9,<\/p>\n<p>De la M\u00e9daille d\u2019Honneur de la Premi\u00e8re classe:<\/p>\n<p>\u2013 M. Ibrahima Boubacar Mamadou Soko, directeur g\u00e9n\u00e9ral de la balance des paiements et du commerce ext\u00e9rieur,<\/p>\n<p>\u2013 Mme Haja Sidebbe Doussou, directrice\u00a0 du march\u00e9 des changes.<\/p>\n<p>La c\u00e9r\u00e9monie s\u2019est d\u00e9roul\u00e9e en pr\u00e9sence du gouverneur adjoint de la Banque centrale, M. Boumediene Ould Taya, au c\u00f4t\u00e9 de certains responsables et employ\u00e9s de la banque..<\/p>\n<p>Ami<\/p>\n","protected":false},"excerpt":{"rendered":"<p>Le gouverneur de la Banque Centrale de Mauritanie, M. Mohamed Lemine Ould Dhehbi, a, au nom du Pr\u00e9sident de la R\u00e9publique, Monsieur Mohamed Ould Cheikh El Ghazouani, d\u00e9cor\u00e9, lundi \u00e0 Nouakchott, des fonctionnaires et des employ\u00e9s de la banque. Ces d\u00e9corations s\u2019inscrivent dans le cadre des festivit\u00e9s comm\u00e9morant le 64e anniversaire de la f\u00eate de &hellip;<\/p>\n","protected":false},"author":2,"featured_media":13867,"comment_status":"open","ping_status":"open","sticky":false,"template":"","format":"standard","meta":{"footnotes":""},"categories":[18,2],"tags":[],"class_list":["post-13866","post","type-post","status-publish","format-standard","has-post-thumbnail","hentry","category-actualites","category-economie"],"_links":{"self":[{"href":"https:\/\/ladepeche.mr\/index.php?rest_route=\/wp\/v2\/posts\/13866","targetHints":{"allow":["GET"]}}],"collection":[{"href":"https:\/\/ladepeche.mr\/index.php?rest_route=\/wp\/v2\/posts"}],"about":[{"href":"https:\/\/ladepeche.mr\/index.php?rest_route=\/wp\/v2\/types\/post"}],"author":[{"embeddable":true,"href":"https:\/\/ladepeche.mr\/index.php?rest_route=\/wp\/v2\/users\/2"}],"replies":[{"embeddable":true,"href":"https:\/\/ladepeche.mr\/index.php?rest_route=%2Fwp%2Fv2%2Fcomments&post=13866"}],"version-history":[{"count":1,"href":"https:\/\/ladepeche.mr\/index.php?rest_route=\/wp\/v2\/posts\/13866\/revisions"}],"predecessor-version":[{"id":13868,"href":"https:\/\/ladepeche.mr\/index.php?rest_route=\/wp\/v2\/posts\/13866\/revisions\/13868"}],"wp:featuredmedia":[{"embeddable":true,"href":"https:\/\/ladepeche.mr\/index.php?rest_route=\/wp\/v2\/media\/13867"}],"wp:attachment":[{"href":"https:\/\/ladepeche.mr\/index.php?rest_route=%2Fwp%2Fv2%2Fmedia&parent=13866"}],"wp:term":[{"taxonomy":"category","embeddable":true,"href":"https:\/\/ladepeche.mr\/index.php?rest_route=%2Fwp%2Fv2%2Fcategories&post=13866"},{"taxonomy":"post_tag","embeddable":true,"href":"https:\/\/ladepeche.mr\/index.php?rest_route=%2Fwp%2Fv2%2Ftags&post=13866"}],"curies":[{"name":"wp","href":"https:\/\/api.w.org\/{rel}","templated":true}]}}