{"id":13870,"date":"2025-02-04T11:07:19","date_gmt":"2025-02-04T11:07:19","guid":{"rendered":"https:\/\/ladepeche.mr\/?p=13870"},"modified":"2025-02-04T11:07:19","modified_gmt":"2025-02-04T11:07:19","slug":"trump-fait-fermer-le-siege-de-lusaid-apres-les-critiques-delon-musk","status":"publish","type":"post","link":"https:\/\/ladepeche.mr\/?p=13870","title":{"rendered":"Trump fait fermer le si\u00e8ge de l\u2019USAID apr\u00e8s les critiques d&#8217;Elon Musk"},"content":{"rendered":"<p data-t=\"{&quot;n&quot;:&quot;blueLinks&quot;}\"><strong>Le si\u00e8ge de l\u2019USAID \u00e0 Washington a \u00e9t\u00e9 ferm\u00e9 aux employ\u00e9s apr\u00e8s qu\u2019Elon Musk a affirm\u00e9 que Donald Trump soutenait la suppression de l\u2019agence.<\/strong><\/p>\n<div class=\"article-image-slot image-slot-placeholder\" data-doc-id=\"cms\/api\/amp\/image\/AA1oIuD8\">\n<div class=\"article-image-slot\">\n<div class=\"article-image-container polished\" data-t=\"{&quot;n&quot;:&quot;OpenModal&quot;,&quot;t&quot;:13,&quot;b&quot;:8,&quot;c.i&quot;:&quot;AA1ylG7g&quot;,&quot;c.l&quot;:false,&quot;c.t&quot;:13,&quot;c.v&quot;:&quot;news&quot;,&quot;c.c&quot;:&quot;others&quot;,&quot;c.b&quot;:&quot;Euronews fran\u00e7ais&quot;,&quot;c.bi&quot;:&quot;AA2qy7x&quot;,&quot;c.tv&quot;:&quot;politics&quot;,&quot;c.tc&quot;:&quot;government&quot;,&quot;c.hl&quot;:&quot;Trump fait fermer le si\u00e8ge de l\u2019USAID apr\u00e8s les critiques d'Elon Musk&quot;}\" data-test-id=\"AA1oIuD8\">\n<p data-t=\"{&quot;n&quot;:&quot;blueLinks&quot;}\"><strong>L\u2019Agence des \u00c9tats-Unis pour le d\u00e9veloppement international (USAID) a ferm\u00e9 son si\u00e8ge \u00e0 Washington apr\u00e8s qu\u2019Elon Musk a affirm\u00e9 que Donald Trump soutenait la suppression de l\u2019agence.<\/strong><\/p>\n<p data-t=\"{&quot;n&quot;:&quot;blueLinks&quot;}\">Lundi matin, les employ\u00e9s ont re\u00e7u l\u2019ordre de ne pas se rendre au si\u00e8ge. 600 d\u2019entre eux ont \u00e9t\u00e9 verrouill\u00e9s hors des syst\u00e8mes informatiques pendant la nuit. Ceux encore connect\u00e9s ont re\u00e7u un e-mail annon\u00e7ant la fermeture des bureaux le 3 f\u00e9vrier.<\/p>\n<div class=\"ech-artx\">\n<p data-t=\"{&quot;n&quot;:&quot;blueLinks&quot;}\"><strong>Le pr\u00e9sident am\u00e9ricain Donald Trump a reconnu ce dimanche 2 f\u00e9vrier, pour la premi\u00e8re fois aussi clairement, que les consommateurs et les entreprises am\u00e9ricaines pourraient \u00eatre les victimes collat\u00e9rales des taxes sur les produits import\u00e9s depuis le Canada, le Mexique et la Chine.<\/strong><\/p>\n<div class=\"intra-article-module\" data-t=\"{&quot;n&quot;:&quot;intraArticle&quot;,&quot;t&quot;:13}\">\n<div class=\"articlePageIntraArticleFullWidth ad-slot-placeholder left-image-intra-ad\" data-ad-index=\"0\">\n<div class=\"intra-article-ad-full left-image-intra-ad\"><\/div>\n<\/div>\n<\/div>\n<p data-t=\"{&quot;n&quot;:&quot;blueLinks&quot;}\">Donald Trump l\u2019assume en lettres capitales : ses concitoyens risquent de \u00ab souffrir \u00bb par ricochet des lourds droits de douane qu\u2019il a act\u00e9s samedi 1er f\u00e9vrier. Mais c\u2019est selon lui le prix \u00e0 payer pour un \u00ab nouvel \u00e2ge d\u2019or \u00bb aux \u00c9tats-Unis.<\/p>\n<p class=\"continue-read-break\" data-t=\"{&quot;n&quot;:&quot;blueLinks&quot;}\">Le pr\u00e9sident am\u00e9ricain a impos\u00e9 25% de droits de douane sur tous les produits provenant du Mexique et du Canada, \u00e0 l\u2019exception des hydrocarbures venant du voisin du nord, d\u00e9sormais tax\u00e9s \u00e0 10%. Il a \u00e9galement cibl\u00e9 la Chine en imposant 10% de droits de douane, qui viennent s\u2019ajouter sur ceux d\u00e9j\u00e0 existants sur un certain nombre de produits chinois, a rappel\u00e9\u00a0<a href=\"https:\/\/www.rfi.fr\/fr\/%C3%A9conomie\/20250202-guerre-commerciale-donald-trump-reconna%C3%AEt-que-les-am%C3%A9ricains-risquent-de-souffrir\" target=\"_blank\" rel=\"noopener\" data-t=\"{&quot;n&quot;:&quot;destination&quot;,&quot;t&quot;:13,&quot;b&quot;:1,&quot;c.t&quot;:7}\">RFI<\/a>. Les trois pays sont les principaux partenaires commerciaux des \u00c9tats-Unis et repr\u00e9sentent au total plus de 40% de ses importations.<\/p>\n<div class=\"continue-reading-slot\">\n<div id=\"continuousReadingContainer\" class=\"article-cont-read-container\">\n<div class=\"article-cont-read-button-container\" data-t=\"{&quot;n&quot;:&quot;readMore&quot;}\"><button class=\"control\" name=\"Continuer la lecture\" value=\"\"><span class=\"content\"><img decoding=\"async\" src=\"https:\/\/assets.msn.com\/staticsb\/statics\/latest\/views\/icons\/textExpand_filled.svg\" alt=\"Expand article logo\" aria-hidden=\"true\" \/>\u00a0\u00a0Continuer la lecture<\/span><\/button><\/div>\n<\/div>\n<\/div>\n<p data-t=\"{&quot;n&quot;:&quot;blueLinks&quot;}\">Les mesures doivent entrer en vigueur \u00e0 compter de mardi. Elles pourraient, selon les \u00e9conomistes, entra\u00eener des hausses de prix et freiner l\u2019activit\u00e9 des pays concern\u00e9s en perturbant les cha\u00eenes de production. Mais le Premier ministre canadien d\u00e9missionnaire Justin Trudeau a pr\u00e9venu: si ses concitoyens vont p\u00e2tir de cette d\u00e9cision, ses voisins am\u00e9ricains ne seront pas \u00e9pargn\u00e9s pour autant. \u00ab Ces taxes sur nos produits auront aussi des cons\u00e9quences bien r\u00e9elles pour vous, les Am\u00e9ricains. Elles vont menacer vos emplois, potentiellement provoquer la fermeture des cha\u00eenes d\u2019assemblage automobile et d\u2019autres usines aux \u00c9tats-Unis \u00bb, a-t-il averti, avant d\u2019annoncer des mesures de repr\u00e9sailles.<\/p>\n<div class=\"intra-article-module\" data-t=\"{&quot;n&quot;:&quot;intraArticle&quot;,&quot;t&quot;:13}\">\n<div class=\"articlePageIntraArticleFullWidth ad-slot-placeholder left-image-intra-ad\" data-ad-index=\"1\">\n<div class=\"intra-article-ad-full left-image-intra-ad\"><\/div>\n<\/div>\n<\/div>\n<p data-t=\"{&quot;n&quot;:&quot;blueLinks&quot;}\">C\u2019est aussi l\u2019avis de Linda Hasenfratz qui dirige une entreprise de fabrication de pi\u00e8ces d\u00e9tach\u00e9es automobile au Canada. \u00ab Certains composants, certaines pi\u00e8ces d\u00e9tach\u00e9es traversent les fronti\u00e8res cinq, six, sept fois avant d\u2019\u00eatre int\u00e9gr\u00e9e au v\u00e9hicule en bout de cha\u00eene et de finir dans le garage du consommateur. Personne ne peut absorber une telle augmentation des prix. Si ces tarifs douaniers de 25% entrent vraiment en vigueur, je ne donne pas plus d\u2019une semaine avant que la production automobile en Am\u00e9rique du Nord s\u2019arr\u00eate \u00bb, a-t-elle estim\u00e9 au micro du podcast sp\u00e9cialis\u00e9 Automotive News.<\/p>\n<p data-t=\"{&quot;n&quot;:&quot;blueLinks&quot;}\">En 2023, l\u2019industrie automobile canadienne a export\u00e9 pour 51 milliards de dollars de v\u00e9hicules et de pi\u00e8ces d\u00e9tach\u00e9es, \u00e0 plus de 90% \u00e0 destination des \u00c9tats-Unis.<\/p>\n<\/div>\n<div class=\"intra-article-module-bottom-slot\" data-t=\"{&quot;n&quot;:&quot;intraArticle&quot;,&quot;t&quot;:13}\">\n<p data-t=\"{&quot;n&quot;:&quot;blueLinks&quot;}\">Son site web a disparu sans explication, et son directeur de la s\u00e9curit\u00e9 et son adjoint ont \u00e9t\u00e9 mis en cong\u00e9 forc\u00e9 apr\u00e8s avoir refus\u00e9 l\u2019acc\u00e8s \u00e0 des membres du DOGE.<\/p>\n<p data-t=\"{&quot;n&quot;:&quot;blueLinks&quot;}\">Des parlementaires d\u00e9mocrates d\u00e9noncent une d\u00e9cision ill\u00e9gale, affirmant que Trump ne peut pas fermer l\u2019USAID sans l\u2019accord du Congr\u00e8s.<\/p>\n<p data-t=\"{&quot;n&quot;:&quot;blueLinks&quot;}\"><a href=\"https:\/\/www.msn.com\/fr-xl\/actualite\/other\/trump-fait-fermer-le-si%C3%A8ge-de-l-usaid-apr%C3%A8s-les-critiques-d-elon-musk\/ar-AA1ylG7g?ocid=msedgdhp&amp;pc=U531&amp;cvid=236d5bd2ee1d42eda7979bfe63901d40&amp;ei=47\">Trump fait fermer le si\u00e8ge de l\u2019USAID apr\u00e8s les critiques d&#8217;Elon Musk<\/a><\/p>\n<\/div>\n<\/div>\n<\/div>\n<\/div>\n","protected":false},"excerpt":{"rendered":"<p>Le si\u00e8ge de l\u2019USAID \u00e0 Washington a \u00e9t\u00e9 ferm\u00e9 aux employ\u00e9s apr\u00e8s qu\u2019Elon Musk a affirm\u00e9 que Donald Trump soutenait la suppression de l\u2019agence. L\u2019Agence des \u00c9tats-Unis pour le d\u00e9veloppement international (USAID) a ferm\u00e9 son si\u00e8ge \u00e0 Washington apr\u00e8s qu\u2019Elon Musk a affirm\u00e9 que Donald Trump soutenait la suppression de l\u2019agence. Lundi matin, les employ\u00e9s &hellip;<\/p>\n","protected":false},"author":2,"featured_media":13871,"comment_status":"open","ping_status":"open","sticky":false,"template":"","format":"standard","meta":{"footnotes":""},"categories":[18,29],"tags":[],"class_list":["post-13870","post","type-post","status-publish","format-standard","has-post-thumbnail","hentry","category-actualites","category-monde"],"_links":{"self":[{"href":"https:\/\/ladepeche.mr\/index.php?rest_route=\/wp\/v2\/posts\/13870","targetHints":{"allow":["GET"]}}],"collection":[{"href":"https:\/\/ladepeche.mr\/index.php?rest_route=\/wp\/v2\/posts"}],"about":[{"href":"https:\/\/ladepeche.mr\/index.php?rest_route=\/wp\/v2\/types\/post"}],"author":[{"embeddable":true,"href":"https:\/\/ladepeche.mr\/index.php?rest_route=\/wp\/v2\/users\/2"}],"replies":[{"embeddable":true,"href":"https:\/\/ladepeche.mr\/index.php?rest_route=%2Fwp%2Fv2%2Fcomments&post=13870"}],"version-history":[{"count":1,"href":"https:\/\/ladepeche.mr\/index.php?rest_route=\/wp\/v2\/posts\/13870\/revisions"}],"predecessor-version":[{"id":13872,"href":"https:\/\/ladepeche.mr\/index.php?rest_route=\/wp\/v2\/posts\/13870\/revisions\/13872"}],"wp:featuredmedia":[{"embeddable":true,"href":"https:\/\/ladepeche.mr\/index.php?rest_route=\/wp\/v2\/media\/13871"}],"wp:attachment":[{"href":"https:\/\/ladepeche.mr\/index.php?rest_route=%2Fwp%2Fv2%2Fmedia&parent=13870"}],"wp:term":[{"taxonomy":"category","embeddable":true,"href":"https:\/\/ladepeche.mr\/index.php?rest_route=%2Fwp%2Fv2%2Fcategories&post=13870"},{"taxonomy":"post_tag","embeddable":true,"href":"https:\/\/ladepeche.mr\/index.php?rest_route=%2Fwp%2Fv2%2Ftags&post=13870"}],"curies":[{"name":"wp","href":"https:\/\/api.w.org\/{rel}","templated":true}]}}