{"id":13873,"date":"2025-02-04T12:36:10","date_gmt":"2025-02-04T12:36:10","guid":{"rendered":"https:\/\/ladepeche.mr\/?p=13873"},"modified":"2025-02-04T12:36:25","modified_gmt":"2025-02-04T12:36:25","slug":"cisjordanie-occupee-deux-soldats-israeliens-tues-par-un-tireur-embusque","status":"publish","type":"post","link":"https:\/\/ladepeche.mr\/?p=13873","title":{"rendered":"Cisjordanie occup\u00e9e: Deux soldats isra\u00e9liens tu\u00e9s par un tireur embusqu\u00e9"},"content":{"rendered":"<p class=\"lead textModule textModule--type-lead \">Deux soldats isra\u00e9liens ont \u00e9t\u00e9 tu\u00e9s mardi et huit bless\u00e9s par un tireur embusqu\u00e9 qui a ensuite \u00e9t\u00e9 abattu, dans le nord de la Cisjordanie occup\u00e9e o\u00f9 l\u2019arm\u00e9e m\u00e8ne depuis plusieurs jours une vaste op\u00e9ration militaire, a indiqu\u00e9 cette derni\u00e8re.<\/p>\n<p class=\"paragraph textModule textModule--type-paragraph \">\u00ab\u00a0Lors de l\u2019incident au cours duquel le sergent-major de r\u00e9serve Ofer Yung est tomb\u00e9, deux r\u00e9servistes [\u2026] ont \u00e9t\u00e9 gri\u00e8vement bless\u00e9s et six autres r\u00e9servistes l\u00e9g\u00e8rement\u00a0\u00bb, a-t-elle d\u00e9clar\u00e9 dans un communiqu\u00e9.<\/p>\n<p class=\"paragraph textModule textModule--type-paragraph \">\u00ab\u00a0Un autre soldat, dont la famille a \u00e9t\u00e9 pr\u00e9venue, est tomb\u00e9 lors de l\u2019incident. Son nom n\u2019a pas encore \u00e9t\u00e9 autoris\u00e9 \u00e0 \u00eatre publi\u00e9\u00a0\u00bb.<\/p>\n<p class=\"paragraph textModule textModule--type-paragraph \">Quelques heures plus t\u00f4t, l\u2019arm\u00e9e avait affirm\u00e9 avoir tu\u00e9 un combattant palestinien apr\u00e8s des \u00e9changes de tirs (&#8230;).<\/p>\n<div class=\"adsWrapper greyLineToppedBox\">\n<div class=\"adSpotBlock wrapCenter pageBox adSpotBlock--pageView-desktop adSpotBlock--rendered adSpotBlock--empty\">\n<div id=\"ad67a2086de2900-slotWrapper\" class=\"slotWrapper adSpotBlock__slotWrapper\"><\/div>\n<\/div>\n<\/div>\n<p class=\"paragraph textModule textModule--type-paragraph \">Appuy\u00e9es par des bulldozers, des drones et des v\u00e9hicules blind\u00e9s, les forces isra\u00e9liennes ont lanc\u00e9 une vaste op\u00e9ration \u00e0 J\u00e9nine contre les combattants affili\u00e9s au mouvement islamiste palestinien Hamas et au Djihad islamique, le 21\u00a0janvier.<\/p>\n<p class=\"paragraph textModule textModule--type-paragraph \">L\u2019op\u00e9ration a pris une nouvelle dimension dimanche, avec un d\u00e9ploiement \u00e0 l\u2019aube sur le camp de r\u00e9fugi\u00e9s de J\u00e9nine, bastion des groupes arm\u00e9s palestiniens, et la destruction d\u2019une vingtaine d\u2019immeubles dans le courant de l\u2019apr\u00e8s-midi.<\/p>\n<p class=\"paragraph textModule textModule--type-paragraph \">L\u2019arm\u00e9e a affirm\u00e9 avoir tu\u00e9 plus de 50\u00a0\u00ab\u00a0terroristes\u00a0\u00bb dans ce territoire depuis le 14\u00a0janvier. Le minist\u00e8re palestinien de la Sant\u00e9 a pour sa part fait \u00e9tat d\u2019un bilan de 70\u00a0personnes tu\u00e9es depuis le d\u00e9but de l\u2019ann\u00e9e par Isra\u00ebl en Cisjordanie, territoire occup\u00e9 par Isra\u00ebl depuis 1967.<\/p>\n<div class=\"datewrapper \"><\/div>\n","protected":false},"excerpt":{"rendered":"<p>Deux soldats isra\u00e9liens ont \u00e9t\u00e9 tu\u00e9s mardi et huit bless\u00e9s par un tireur embusqu\u00e9 qui a ensuite \u00e9t\u00e9 abattu, dans le nord de la Cisjordanie occup\u00e9e o\u00f9 l\u2019arm\u00e9e m\u00e8ne depuis plusieurs jours une vaste op\u00e9ration militaire, a indiqu\u00e9 cette derni\u00e8re. \u00ab\u00a0Lors de l\u2019incident au cours duquel le sergent-major de r\u00e9serve Ofer Yung est tomb\u00e9, deux &hellip;<\/p>\n","protected":false},"author":2,"featured_media":13874,"comment_status":"open","ping_status":"open","sticky":false,"template":"","format":"standard","meta":{"footnotes":""},"categories":[18,29],"tags":[],"class_list":["post-13873","post","type-post","status-publish","format-standard","has-post-thumbnail","hentry","category-actualites","category-monde"],"_links":{"self":[{"href":"https:\/\/ladepeche.mr\/index.php?rest_route=\/wp\/v2\/posts\/13873","targetHints":{"allow":["GET"]}}],"collection":[{"href":"https:\/\/ladepeche.mr\/index.php?rest_route=\/wp\/v2\/posts"}],"about":[{"href":"https:\/\/ladepeche.mr\/index.php?rest_route=\/wp\/v2\/types\/post"}],"author":[{"embeddable":true,"href":"https:\/\/ladepeche.mr\/index.php?rest_route=\/wp\/v2\/users\/2"}],"replies":[{"embeddable":true,"href":"https:\/\/ladepeche.mr\/index.php?rest_route=%2Fwp%2Fv2%2Fcomments&post=13873"}],"version-history":[{"count":2,"href":"https:\/\/ladepeche.mr\/index.php?rest_route=\/wp\/v2\/posts\/13873\/revisions"}],"predecessor-version":[{"id":13876,"href":"https:\/\/ladepeche.mr\/index.php?rest_route=\/wp\/v2\/posts\/13873\/revisions\/13876"}],"wp:featuredmedia":[{"embeddable":true,"href":"https:\/\/ladepeche.mr\/index.php?rest_route=\/wp\/v2\/media\/13874"}],"wp:attachment":[{"href":"https:\/\/ladepeche.mr\/index.php?rest_route=%2Fwp%2Fv2%2Fmedia&parent=13873"}],"wp:term":[{"taxonomy":"category","embeddable":true,"href":"https:\/\/ladepeche.mr\/index.php?rest_route=%2Fwp%2Fv2%2Fcategories&post=13873"},{"taxonomy":"post_tag","embeddable":true,"href":"https:\/\/ladepeche.mr\/index.php?rest_route=%2Fwp%2Fv2%2Ftags&post=13873"}],"curies":[{"name":"wp","href":"https:\/\/api.w.org\/{rel}","templated":true}]}}