{"id":13877,"date":"2025-02-04T13:18:33","date_gmt":"2025-02-04T13:18:33","guid":{"rendered":"https:\/\/ladepeche.mr\/?p=13877"},"modified":"2025-02-04T13:18:33","modified_gmt":"2025-02-04T13:18:33","slug":"politique-le-be-de-linsaf-exhorte-a-mettre-en-lumiere-les-realisations-du-gouvernement","status":"publish","type":"post","link":"https:\/\/ladepeche.mr\/?p=13877","title":{"rendered":"Politique\u00a0: Le BE de l\u2019Insaf exhorte \u00e0 mettre en lumi\u00e8re les r\u00e9alisations du gouvernement"},"content":{"rendered":"<p>Au terme d&#8217;une s\u00e9ance ordinaire tenue lundi, le bureau ex\u00e9cutif du parti \u00ab\u00a0Insaf\u00a0\u00bb au pouvoir a recommand\u00e9 la n\u00e9cessit\u00e9 d&#8217;activer le travail de ses organes et de &#8220;poursuivre le soutien politique et m\u00e9diatique \u00e0 l\u2019action du gouvernement&#8221; pour en mettre en exergue les r\u00e9alisations au profit des populations.<\/p>\n<p>Dans un communiqu\u00e9 sanctionnant cette rencontre, le bureau ex\u00e9cutif a salu\u00e9 la pr\u00e9sentation faite par le pr\u00e9sident du parti Sidi Ahmed Ould Mohamed, dans laquelle il a abord\u00e9 la situation politique entre les deux sessions du bureau, et dans laquelle il a \u00e9galement pass\u00e9 en revue les r\u00e9sultats de ses r\u00e9unions avec le groupe parlementaire des \u00e9lus Insaf, repr\u00e9sentant le parti \u00e0 l\u2019Assembl\u00e9e nationale.<\/p>\n<p>Lors de sa pr\u00e9sentation, le pr\u00e9sident du parti a soulign\u00e9 l&#8217;importance de la tenue r\u00e9guli\u00e8re de telles r\u00e9unions, les qualifiant d&#8217;opportunit\u00e9s pour discuter des d\u00e9fis pos\u00e9s aux parlementaires pour contribuer pleinement au r\u00f4le l\u00e9gislatif et de contr\u00f4le qu\u2019ils jouent dans le soutien \u00e0 la r\u00e9alisation des promesses du pr\u00e9sident Ghazouani et notamment en ce qui concerne le programme de d\u00e9veloppement de la ville de Nouakchott.<\/p>\n<p>Le bureau ex\u00e9cutif a enfin salu\u00e9 le r\u00f4le du parti dans la marche de soutien au peuple palestinien, objet d\u2019un consens national dans le pays.<\/p>\n","protected":false},"excerpt":{"rendered":"<p>Au terme d&#8217;une s\u00e9ance ordinaire tenue lundi, le bureau ex\u00e9cutif du parti \u00ab\u00a0Insaf\u00a0\u00bb au pouvoir a recommand\u00e9 la n\u00e9cessit\u00e9 d&#8217;activer le travail de ses organes et de &#8220;poursuivre le soutien politique et m\u00e9diatique \u00e0 l\u2019action du gouvernement&#8221; pour en mettre en exergue les r\u00e9alisations au profit des populations. Dans un communiqu\u00e9 sanctionnant cette rencontre, le &hellip;<\/p>\n","protected":false},"author":2,"featured_media":10741,"comment_status":"open","ping_status":"open","sticky":false,"template":"","format":"standard","meta":{"footnotes":""},"categories":[18,31],"tags":[],"class_list":["post-13877","post","type-post","status-publish","format-standard","has-post-thumbnail","hentry","category-actualites","category-politique-et-reportages"],"_links":{"self":[{"href":"https:\/\/ladepeche.mr\/index.php?rest_route=\/wp\/v2\/posts\/13877","targetHints":{"allow":["GET"]}}],"collection":[{"href":"https:\/\/ladepeche.mr\/index.php?rest_route=\/wp\/v2\/posts"}],"about":[{"href":"https:\/\/ladepeche.mr\/index.php?rest_route=\/wp\/v2\/types\/post"}],"author":[{"embeddable":true,"href":"https:\/\/ladepeche.mr\/index.php?rest_route=\/wp\/v2\/users\/2"}],"replies":[{"embeddable":true,"href":"https:\/\/ladepeche.mr\/index.php?rest_route=%2Fwp%2Fv2%2Fcomments&post=13877"}],"version-history":[{"count":1,"href":"https:\/\/ladepeche.mr\/index.php?rest_route=\/wp\/v2\/posts\/13877\/revisions"}],"predecessor-version":[{"id":13878,"href":"https:\/\/ladepeche.mr\/index.php?rest_route=\/wp\/v2\/posts\/13877\/revisions\/13878"}],"wp:featuredmedia":[{"embeddable":true,"href":"https:\/\/ladepeche.mr\/index.php?rest_route=\/wp\/v2\/media\/10741"}],"wp:attachment":[{"href":"https:\/\/ladepeche.mr\/index.php?rest_route=%2Fwp%2Fv2%2Fmedia&parent=13877"}],"wp:term":[{"taxonomy":"category","embeddable":true,"href":"https:\/\/ladepeche.mr\/index.php?rest_route=%2Fwp%2Fv2%2Fcategories&post=13877"},{"taxonomy":"post_tag","embeddable":true,"href":"https:\/\/ladepeche.mr\/index.php?rest_route=%2Fwp%2Fv2%2Ftags&post=13877"}],"curies":[{"name":"wp","href":"https:\/\/api.w.org\/{rel}","templated":true}]}}