{"id":13900,"date":"2025-02-05T13:54:59","date_gmt":"2025-02-05T13:54:59","guid":{"rendered":"https:\/\/ladepeche.mr\/?p=13900"},"modified":"2025-02-05T13:54:59","modified_gmt":"2025-02-05T13:54:59","slug":"consommation-le-kg-de-viande-rouge-passe-a-210-mru-a-partir-du-10-fevrier","status":"publish","type":"post","link":"https:\/\/ladepeche.mr\/?p=13900","title":{"rendered":"Consommation: Le kg de viande rouge passe \u00e0 210 mru \u00e0 partir du 10 f\u00e9vrier"},"content":{"rendered":"<p>Le prix du kg de viande rouge (camelins et ovins) passe \u00e0 210 mru \u00e0 partir du 10 f\u00e9vrier 2025 comme vient de le conclure un <span class=\"post-title\">protocole d\u2019accord pour sa r\u00e9duction; dans les 3 wilayas de Nouakchott, sign\u00e9 lors d&#8217;une r\u00e9union, sous l&#8221;\u00e9gide des autorit\u00e9s publiques, des repr\u00e9sentants du minist\u00e8re du commerce et du tourisme, des associations des \u00e9leveurs-commer\u00e7ants et des bouchers.<\/span><\/p>\n<div class=\"post-meta-wrap clearfix\">\n<p>&#8220;Ce protocole, sign\u00e9 \u00e0 l\u2019issue de multiples discussions et r\u00e9unions ayant regroup\u00e9 le secteur concern\u00e9 et tous les intervenants dans le domaine, comme l\u2019indique un communiqu\u00e9 du minist\u00e8re de l\u2019\u00e9levage dont l\u2019Agence Mauritanienne d\u2019Information a obtenu une copie, pr\u00e9voit la r\u00e9duction et le plafonnement du prix de vente des viandes rouges au consommateur final dans les trois wilayas de Nouakchott, \u00e0 partir du 10 f\u00e9vrier 2025, comme suit : Viande de chameau 210 ouguiyas nouvelles par kg ; viande de b\u0153uf 210 par kg ; viande d\u2019agneau 270 par kg et viande de c\u00f4telette (vilka) 240 ouguiyas&#8221;.<\/p>\n<p>Les parties \u00e0 l&#8217;accord ont par ailleurs convenu de se retrouver tous les trois mois pour faire le point sur la situation des prix du b\u00e9tail et des prix qui pourraient y correspondre pour les consommateurs.<\/p>\n<p>&#8220;La convention a \u00e9t\u00e9 sign\u00e9e par le conseiller technique charg\u00e9 des affaires juridiques, Cheibani Mohamed Rara, et le directeur de la protection du consommateur et de la r\u00e9pression des fraudes, Mohamed El Moustapha Ely, et des repr\u00e9sentants des associations d\u2019\u00e9leveurs, de commer\u00e7ants et de bouchers, ainsi qu\u2019un repr\u00e9sentant de la F\u00e9d\u00e9ration nationale pour l\u2019\u00e9levage et un autre du minist\u00e8re du commerce&#8221;.<\/p>\n<p>Cette mesure de r\u00e9duction intervient, rappelle-t-on, \u00e0 la veille du mois du Ramadan, pr\u00e9vu d\u00e9but mars 2025.<\/p>\n<p>&nbsp;<\/p>\n<\/div>\n","protected":false},"excerpt":{"rendered":"<p>Le prix du kg de viande rouge (camelins et ovins) passe \u00e0 210 mru \u00e0 partir du 10 f\u00e9vrier 2025 comme vient de le conclure un protocole d\u2019accord pour sa r\u00e9duction; dans les 3 wilayas de Nouakchott, sign\u00e9 lors d&#8217;une r\u00e9union, sous l&#8221;\u00e9gide des autorit\u00e9s publiques, des repr\u00e9sentants du minist\u00e8re du commerce et du tourisme, &hellip;<\/p>\n","protected":false},"author":2,"featured_media":13901,"comment_status":"open","ping_status":"open","sticky":false,"template":"","format":"standard","meta":{"footnotes":""},"categories":[18],"tags":[],"class_list":["post-13900","post","type-post","status-publish","format-standard","has-post-thumbnail","hentry","category-actualites"],"_links":{"self":[{"href":"https:\/\/ladepeche.mr\/index.php?rest_route=\/wp\/v2\/posts\/13900","targetHints":{"allow":["GET"]}}],"collection":[{"href":"https:\/\/ladepeche.mr\/index.php?rest_route=\/wp\/v2\/posts"}],"about":[{"href":"https:\/\/ladepeche.mr\/index.php?rest_route=\/wp\/v2\/types\/post"}],"author":[{"embeddable":true,"href":"https:\/\/ladepeche.mr\/index.php?rest_route=\/wp\/v2\/users\/2"}],"replies":[{"embeddable":true,"href":"https:\/\/ladepeche.mr\/index.php?rest_route=%2Fwp%2Fv2%2Fcomments&post=13900"}],"version-history":[{"count":1,"href":"https:\/\/ladepeche.mr\/index.php?rest_route=\/wp\/v2\/posts\/13900\/revisions"}],"predecessor-version":[{"id":13902,"href":"https:\/\/ladepeche.mr\/index.php?rest_route=\/wp\/v2\/posts\/13900\/revisions\/13902"}],"wp:featuredmedia":[{"embeddable":true,"href":"https:\/\/ladepeche.mr\/index.php?rest_route=\/wp\/v2\/media\/13901"}],"wp:attachment":[{"href":"https:\/\/ladepeche.mr\/index.php?rest_route=%2Fwp%2Fv2%2Fmedia&parent=13900"}],"wp:term":[{"taxonomy":"category","embeddable":true,"href":"https:\/\/ladepeche.mr\/index.php?rest_route=%2Fwp%2Fv2%2Fcategories&post=13900"},{"taxonomy":"post_tag","embeddable":true,"href":"https:\/\/ladepeche.mr\/index.php?rest_route=%2Fwp%2Fv2%2Ftags&post=13900"}],"curies":[{"name":"wp","href":"https:\/\/api.w.org\/{rel}","templated":true}]}}