{"id":13914,"date":"2025-02-05T18:30:46","date_gmt":"2025-02-05T18:30:46","guid":{"rendered":"https:\/\/ladepeche.mr\/?p=13914"},"modified":"2025-02-05T18:30:46","modified_gmt":"2025-02-05T18:30:46","slug":"larabie-saoudite-dit-ecarter-toute-normalisation-avec-israel-sans-creation-dun-etat-palestinien","status":"publish","type":"post","link":"https:\/\/ladepeche.mr\/?p=13914","title":{"rendered":"L&#8217;Arabie saoudite dit \u00e9carter toute normalisation avec Isra\u00ebl sans cr\u00e9ation d&#8217;un Etat palestinien"},"content":{"rendered":"<p>Ryad \u00e9carte toute normalisation avec Isra\u00ebl sans la cr\u00e9ation d&#8217;un \u00c9tat palestinien, a indiqu\u00e9 mercredi 5 f\u00e9vrier 2025 la diplomatie saoudienne, peu apr\u00e8s que le Premier ministre isra\u00e9lien Benyamin Netanyahu a dit penser qu&#8217;un accord allait \u00abse faire\u00bb. \u00abL&#8217;Arabie saoudite poursuivra sans r\u00e9pit ses efforts pour l&#8217;\u00e9tablissement d&#8217;un \u00c9tat palestinien ind\u00e9pendant avec J\u00e9rusalem-Est comme capitale et n&#8217;\u00e9tablira pas de relations diplomatiques avec Isra\u00ebl sans cela\u00bb, a d\u00e9clar\u00e9 le minist\u00e8re saoudien des Affaires \u00e9trang\u00e8res sur X.<\/p>\n<p>RFI<\/p>\n","protected":false},"excerpt":{"rendered":"<p>Ryad \u00e9carte toute normalisation avec Isra\u00ebl sans la cr\u00e9ation d&#8217;un \u00c9tat palestinien, a indiqu\u00e9 mercredi 5 f\u00e9vrier 2025 la diplomatie saoudienne, peu apr\u00e8s que le Premier ministre isra\u00e9lien Benyamin Netanyahu a dit penser qu&#8217;un accord allait \u00abse faire\u00bb. \u00abL&#8217;Arabie saoudite poursuivra sans r\u00e9pit ses efforts pour l&#8217;\u00e9tablissement d&#8217;un \u00c9tat palestinien ind\u00e9pendant avec J\u00e9rusalem-Est comme capitale &hellip;<\/p>\n","protected":false},"author":2,"featured_media":13915,"comment_status":"open","ping_status":"open","sticky":false,"template":"","format":"standard","meta":{"footnotes":""},"categories":[18,29],"tags":[],"class_list":["post-13914","post","type-post","status-publish","format-standard","has-post-thumbnail","hentry","category-actualites","category-monde"],"_links":{"self":[{"href":"https:\/\/ladepeche.mr\/index.php?rest_route=\/wp\/v2\/posts\/13914","targetHints":{"allow":["GET"]}}],"collection":[{"href":"https:\/\/ladepeche.mr\/index.php?rest_route=\/wp\/v2\/posts"}],"about":[{"href":"https:\/\/ladepeche.mr\/index.php?rest_route=\/wp\/v2\/types\/post"}],"author":[{"embeddable":true,"href":"https:\/\/ladepeche.mr\/index.php?rest_route=\/wp\/v2\/users\/2"}],"replies":[{"embeddable":true,"href":"https:\/\/ladepeche.mr\/index.php?rest_route=%2Fwp%2Fv2%2Fcomments&post=13914"}],"version-history":[{"count":1,"href":"https:\/\/ladepeche.mr\/index.php?rest_route=\/wp\/v2\/posts\/13914\/revisions"}],"predecessor-version":[{"id":13916,"href":"https:\/\/ladepeche.mr\/index.php?rest_route=\/wp\/v2\/posts\/13914\/revisions\/13916"}],"wp:featuredmedia":[{"embeddable":true,"href":"https:\/\/ladepeche.mr\/index.php?rest_route=\/wp\/v2\/media\/13915"}],"wp:attachment":[{"href":"https:\/\/ladepeche.mr\/index.php?rest_route=%2Fwp%2Fv2%2Fmedia&parent=13914"}],"wp:term":[{"taxonomy":"category","embeddable":true,"href":"https:\/\/ladepeche.mr\/index.php?rest_route=%2Fwp%2Fv2%2Fcategories&post=13914"},{"taxonomy":"post_tag","embeddable":true,"href":"https:\/\/ladepeche.mr\/index.php?rest_route=%2Fwp%2Fv2%2Ftags&post=13914"}],"curies":[{"name":"wp","href":"https:\/\/api.w.org\/{rel}","templated":true}]}}