{"id":13918,"date":"2025-02-06T09:05:20","date_gmt":"2025-02-06T09:05:20","guid":{"rendered":"https:\/\/ladepeche.mr\/?p=13918"},"modified":"2025-02-06T09:05:20","modified_gmt":"2025-02-06T09:05:20","slug":"le-ministre-de-leconomie-et-des-finances-sentretient-avec-la-ministre-des-finances-des-affaires-economiques-et-de-linvestissement-du-koweit","status":"publish","type":"post","link":"https:\/\/ladepeche.mr\/?p=13918","title":{"rendered":"Le ministre de l\u2019\u00c9conomie et des Finances s&#8217;entretient avec la ministre des Finances, des Affaires \u00e9conomiques et de l&#8217;investissement du Kowe\u00eft"},"content":{"rendered":"<p>Son Excellence le ministre de l\u2019\u00c9conomie et des Finances, M. Sid\u2019Ahmed Ould Bouh, s&#8217;est entretenu, mercredi au Kowe\u00eft, avec la ministre des Finances et ministre d\u2019\u00c9tat charg\u00e9e des Affaires \u00e9conomiques et de l\u2019Investissement du Kowe\u00eft, Mme Noura Sulaiman al Fassam; et ce, en pr\u00e9sence des d\u00e9l\u00e9gations des secteurs \u00e9conomique et financier des deux pays fr\u00e8res.<\/p>\n<p>Les deux parties ont examin\u00e9 les divers aspects de la coop\u00e9ration et du partenariat bilat\u00e9ral, tout en explorant les moyens de les consolider et de les d\u00e9velopper.<\/p>\n<p>Les \u00e9changes ont \u00e9galement permis de passer en revue les dossiers relatifs \u00e0 la coop\u00e9ration et aux investissements communs, mettant en lumi\u00e8re le r\u00f4le central du Kowe\u00eft en tant que partenaire strat\u00e9gique de d\u00e9veloppement pour notre pays. Les relations de partenariat entre les deux nations constituent, \u00e0 cet \u00e9gard, un mod\u00e8le pour la coop\u00e9ration bilat\u00e9rale arabe.<\/p>\n<p>La rencontre s&#8217;est d\u00e9roul\u00e9e en pr\u00e9sence de l&#8217;ambassadeur de notre pays accr\u00e9dit\u00e9 aupr\u00e8s de l\u2019\u00c9tat du Kowe\u00eft, SEM. Mohamed Lemine Ould Cheikh.<\/p>\n<p>Source MEF<\/p>\n","protected":false},"excerpt":{"rendered":"<p>Son Excellence le ministre de l\u2019\u00c9conomie et des Finances, M. Sid\u2019Ahmed Ould Bouh, s&#8217;est entretenu, mercredi au Kowe\u00eft, avec la ministre des Finances et ministre d\u2019\u00c9tat charg\u00e9e des Affaires \u00e9conomiques et de l\u2019Investissement du Kowe\u00eft, Mme Noura Sulaiman al Fassam; et ce, en pr\u00e9sence des d\u00e9l\u00e9gations des secteurs \u00e9conomique et financier des deux pays fr\u00e8res. &hellip;<\/p>\n","protected":false},"author":2,"featured_media":13919,"comment_status":"open","ping_status":"open","sticky":false,"template":"","format":"standard","meta":{"footnotes":""},"categories":[18,2],"tags":[],"class_list":["post-13918","post","type-post","status-publish","format-standard","has-post-thumbnail","hentry","category-actualites","category-economie"],"_links":{"self":[{"href":"https:\/\/ladepeche.mr\/index.php?rest_route=\/wp\/v2\/posts\/13918","targetHints":{"allow":["GET"]}}],"collection":[{"href":"https:\/\/ladepeche.mr\/index.php?rest_route=\/wp\/v2\/posts"}],"about":[{"href":"https:\/\/ladepeche.mr\/index.php?rest_route=\/wp\/v2\/types\/post"}],"author":[{"embeddable":true,"href":"https:\/\/ladepeche.mr\/index.php?rest_route=\/wp\/v2\/users\/2"}],"replies":[{"embeddable":true,"href":"https:\/\/ladepeche.mr\/index.php?rest_route=%2Fwp%2Fv2%2Fcomments&post=13918"}],"version-history":[{"count":1,"href":"https:\/\/ladepeche.mr\/index.php?rest_route=\/wp\/v2\/posts\/13918\/revisions"}],"predecessor-version":[{"id":13920,"href":"https:\/\/ladepeche.mr\/index.php?rest_route=\/wp\/v2\/posts\/13918\/revisions\/13920"}],"wp:featuredmedia":[{"embeddable":true,"href":"https:\/\/ladepeche.mr\/index.php?rest_route=\/wp\/v2\/media\/13919"}],"wp:attachment":[{"href":"https:\/\/ladepeche.mr\/index.php?rest_route=%2Fwp%2Fv2%2Fmedia&parent=13918"}],"wp:term":[{"taxonomy":"category","embeddable":true,"href":"https:\/\/ladepeche.mr\/index.php?rest_route=%2Fwp%2Fv2%2Fcategories&post=13918"},{"taxonomy":"post_tag","embeddable":true,"href":"https:\/\/ladepeche.mr\/index.php?rest_route=%2Fwp%2Fv2%2Ftags&post=13918"}],"curies":[{"name":"wp","href":"https:\/\/api.w.org\/{rel}","templated":true}]}}