{"id":13923,"date":"2025-02-06T10:45:51","date_gmt":"2025-02-06T10:45:51","guid":{"rendered":"https:\/\/ladepeche.mr\/?p=13923"},"modified":"2025-02-06T10:46:53","modified_gmt":"2025-02-06T10:46:53","slug":"violences-sexuelles-a-betharram-france-la-position-de-francois-bayrou-est-intenable-que-savait-le-premier-ministre-des-accusations-contre-linstitution-catholique","status":"publish","type":"post","link":"https:\/\/ladepeche.mr\/?p=13923","title":{"rendered":"Violences sexuelles \u00e0 Betharram (France). &#8220;La position de Fran\u00e7ois Bayrou est intenable&#8221; (&#8230;)"},"content":{"rendered":"<p>Alors que les plaintes pour agressions sexuelles et violences perp\u00e9tr\u00e9es au sein de Notre-Dame de B\u00e9tharram, continuent de s\u2019accumuler, le d\u00e9ni et le silence de Fran\u00e7ois Bayrou, aujourd&#8217;hui Premier ministre, interrogent. L\u2019\u00e9dile de Pau a toujours ni\u00e9 avoir connaissance de ces agissements. Des propos infirm\u00e9s par un ancien juge d\u2019instruction, des \u00e9l\u00e8ves et des parents d\u2019\u00e9l\u00e8ves.<\/p>\n<p>Il n\u2019en savait rien. Du moins, rien de confirm\u00e9. Depuis les ann\u00e9es 1990, et les premi\u00e8res plaintes d\u00e9pos\u00e9es par des parents d\u2019\u00e9l\u00e8ves violent\u00e9s, le maire de Pau Fran\u00e7ois Bayrou d\u00e9ment avoir \u00e9t\u00e9 mis au courant des agissements de plusieurs surveillants et membres de l&#8217;encadrement\u00a0<a href=\"https:\/\/france3-regions.francetvinfo.fr\/nouvelle-aquitaine\/pyrenees-atlantiques\/pau\/une-affaire-hors-norme-plus-de-100-anciens-eleves-de-notre-dame-de-betharram-ont-depose-plainte-pour-violences-sexuelles-3096847.html\" target=\"_blank\" rel=\"noopener\">mis en cause aujourd\u2019hui par 112 plaintes.<\/a><\/p>\n<p>Au Parisien, au Monde ou encore au Point, celui qui occupe aujourd&#8217;hui le poste de Premier ministre le mart\u00e8le :<em>\u00a0\u201cC\u2019est vrai que la rumeur il y a 25 ans laissait entendre qu\u2019il y avait eu des claques \u00e0 l&#8217;internat. Mais des risques sexuels, je n\u2019en avais jamais entendu parler\u201d,<\/em>\u00a0explique-t-il dans Le Parisien, en mars 2024.<\/p>\n<p>Sollicit\u00e9 \u00e0 de nombreuses reprises depuis plusieurs mois par France 3 Aquitaine, l\u2019\u00e9dile de Pau n\u2019a pas souhait\u00e9 r\u00e9pondre \u00e0 nos questions \u00e0 ce sujet. Un silence et des prises de positions pass\u00e9es qui interrogent aujourd&#8217;hui les victimes, r\u00e9unies depuis octobre 2023 au sein d\u2019un collectif.\u00a0<em>\u201cLa position de Fran\u00e7ois Bayrou est intenable. Il est imp\u00e9ratif qu\u2019il se rallie du c\u00f4t\u00e9 des victimes, or, aujourd&#8217;hui, il est dans le d\u00e9ni\u201d,<\/em>\u00a0r\u00e9agit Alain Esquerre, ancien \u00e9l\u00e8ve \u00e0 l\u2019origine du recueil des plaintes.<\/p>\n<p><strong>&#8220;Il \u00e9tait inquiet&#8221;<\/strong><\/p>\n<p>Le d\u00e9ni, c\u2019est \u00e9galement ce qui a interpel\u00e9 l\u2019ancien juge d\u2019instruction Christian Mirande, en charge, en 1998, d\u2019un dossier de trois plaintes pour agressions sexuelles visant le p\u00e8re Carricart. Apr\u00e8s avoir \u00e9t\u00e9 extrad\u00e9 vers le Vatican, l&#8217;eccl\u00e9siastique s\u2019est suicid\u00e9 alors qu&#8217;il \u00e9tait vis\u00e9 par de nouvelles convocations du juge d\u2019instruction palois.<\/p>\n<p>\u00c0 cette \u00e9poque, l\u2019affaire interpelle le B\u00e9arn et les habitants de Lestelle-B\u00e9tharram o\u00f9 se situe l\u2019\u00e9tablissement. Jusqu\u2019\u00e0 Fran\u00e7ois Bayrou qui y scolarise alors plusieurs de ses six enfants. Celui qui est alors ministre de l\u2019\u00c9ducation nationale se rend au cabinet du juge d\u2019instruction, m\u00fb par son\u00a0<em>\u201cinqui\u00e9tude\u201d. \u201cIl m\u2019a rencontr\u00e9 parce qu\u2019il \u00e9tait inquiet sachant qu\u2019il avait un de ses enfants dans l\u2019institution. Il voulait savoir ce qu\u2019il en \u00e9tait\u201d<\/em>, se souvient Christian Mirande. Pr\u00e8s de trente ans plus tard, le juge, joint par t\u00e9l\u00e9phone ce mercredi 5 f\u00e9vrier, est formel :\u00a0<em>\u201cFran\u00e7ois Bayrou n\u2019a jamais exerc\u00e9 de pression sur moi ou sur l\u2019enqu\u00eate\u201d.<\/em><\/p>\n<p>Pourtant, aujourd\u2019hui, le doute s\u2019immisce chez ce juge. Dans un article publi\u00e9 ce 5 f\u00e9vrier 2025,\u00a0<a href=\"https:\/\/www.mediapart.fr\/journal\/france\/050225\/viols-sur-mineurs-betharram-les-mensonges-de-bayrou-pour-defendre-une-institution-catholique\" target=\"_blank\" rel=\"noopener\">Mediapart<\/a>\u00a0r\u00e9v\u00e8le que Fran\u00e7ois Bayrou avait connaissance des accusations visant l&#8217;institution. Et avait m\u00eame publiquement d\u00e9fendu l&#8217;\u00e9tablissement, en 1996 : &#8220;<em>nombreux sont les B\u00e9arnais qui ont ressenti ces attaques\u00a0<\/em>[contre B\u00e9tharram]<em>\u00a0avec un sentiment douloureux et un sentiment d&#8217;injustice<\/em>&#8220;, d\u00e9clarait-il \u00e0 l&#8217;\u00e9poque. Des propos retrouv\u00e9s dans les archives du quotidien r\u00e9gional\u00a0<em>&#8220;Sud Ouest.&#8221;<\/em><\/p>\n<p>lire la suite sur <a href=\"https:\/\/france3-regions.francetvinfo.fr\/nouvelle-aquitaine\/pyrenees-atlantiques\/pau\/agressions-sexuelles-a-betharram-la-position-de-francois-bayrou-est-intenable-entre-deni-et-silence-l-attitude-du-premier-ministre-interroge-3103615.html\">Violences sexuelles \u00e0 Betharram. &#8220;La position de Fran\u00e7ois Bayrou est intenable&#8221; : que savait le Premier ministre des accusations contre l&#8217;institution catholique ?<\/a><\/p>\n<p>&nbsp;<\/p>\n<div class=\"article-image__container\">\n<figure><picture aria-hidden=\"true\"><source srcset=\"https:\/\/france3-regions.francetvinfo.fr\/image\/lMirDEAzDjLaZlZllGMPGmEBXB8\/0x293:4300x2710\/800x450\/filters:format(webp)\/regions\/2025\/02\/05\/maxnewsworldsix435427-67a3890da38cb053836005.jpg 600w, https:\/\/france3-regions.francetvinfo.fr\/image\/lMirDEAzDjLaZlZllGMPGmEBXB8\/0x293:4300x2710\/800x450\/filters:format(webp)\/regions\/2025\/02\/05\/maxnewsworldsix435427-67a3890da38cb053836005.jpg 930w\" sizes=\"(max-width: 599px) 100vw, (min-width: 600px) 927px\" data-srcset=\"https:\/\/france3-regions.francetvinfo.fr\/image\/lMirDEAzDjLaZlZllGMPGmEBXB8\/0x293:4300x2710\/800x450\/filters:format(webp)\/regions\/2025\/02\/05\/maxnewsworldsix435427-67a3890da38cb053836005.jpg 600w, https:\/\/france3-regions.francetvinfo.fr\/image\/lMirDEAzDjLaZlZllGMPGmEBXB8\/0x293:4300x2710\/800x450\/filters:format(webp)\/regions\/2025\/02\/05\/maxnewsworldsix435427-67a3890da38cb053836005.jpg 930w\" data-sizes=\"(max-width: 599px) 100vw, (min-width: 600px) 927px\" \/><\/picture><\/figure>\n<\/div>\n","protected":false},"excerpt":{"rendered":"<p>Alors que les plaintes pour agressions sexuelles et violences perp\u00e9tr\u00e9es au sein de Notre-Dame de B\u00e9tharram, continuent de s\u2019accumuler, le d\u00e9ni et le silence de Fran\u00e7ois Bayrou, aujourd&#8217;hui Premier ministre, interrogent. L\u2019\u00e9dile de Pau a toujours ni\u00e9 avoir connaissance de ces agissements. Des propos infirm\u00e9s par un ancien juge d\u2019instruction, des \u00e9l\u00e8ves et des parents &hellip;<\/p>\n","protected":false},"author":2,"featured_media":13924,"comment_status":"open","ping_status":"open","sticky":false,"template":"","format":"standard","meta":{"footnotes":""},"categories":[18,29],"tags":[],"class_list":["post-13923","post","type-post","status-publish","format-standard","has-post-thumbnail","hentry","category-actualites","category-monde"],"_links":{"self":[{"href":"https:\/\/ladepeche.mr\/index.php?rest_route=\/wp\/v2\/posts\/13923","targetHints":{"allow":["GET"]}}],"collection":[{"href":"https:\/\/ladepeche.mr\/index.php?rest_route=\/wp\/v2\/posts"}],"about":[{"href":"https:\/\/ladepeche.mr\/index.php?rest_route=\/wp\/v2\/types\/post"}],"author":[{"embeddable":true,"href":"https:\/\/ladepeche.mr\/index.php?rest_route=\/wp\/v2\/users\/2"}],"replies":[{"embeddable":true,"href":"https:\/\/ladepeche.mr\/index.php?rest_route=%2Fwp%2Fv2%2Fcomments&post=13923"}],"version-history":[{"count":2,"href":"https:\/\/ladepeche.mr\/index.php?rest_route=\/wp\/v2\/posts\/13923\/revisions"}],"predecessor-version":[{"id":13926,"href":"https:\/\/ladepeche.mr\/index.php?rest_route=\/wp\/v2\/posts\/13923\/revisions\/13926"}],"wp:featuredmedia":[{"embeddable":true,"href":"https:\/\/ladepeche.mr\/index.php?rest_route=\/wp\/v2\/media\/13924"}],"wp:attachment":[{"href":"https:\/\/ladepeche.mr\/index.php?rest_route=%2Fwp%2Fv2%2Fmedia&parent=13923"}],"wp:term":[{"taxonomy":"category","embeddable":true,"href":"https:\/\/ladepeche.mr\/index.php?rest_route=%2Fwp%2Fv2%2Fcategories&post=13923"},{"taxonomy":"post_tag","embeddable":true,"href":"https:\/\/ladepeche.mr\/index.php?rest_route=%2Fwp%2Fv2%2Ftags&post=13923"}],"curies":[{"name":"wp","href":"https:\/\/api.w.org\/{rel}","templated":true}]}}