{"id":13927,"date":"2025-02-06T15:43:26","date_gmt":"2025-02-06T15:43:26","guid":{"rendered":"https:\/\/ladepeche.mr\/?p=13927"},"modified":"2025-02-06T15:43:26","modified_gmt":"2025-02-06T15:43:26","slug":"lancement-des-concertations-nationales-pour-lelaboration-dun-cadre-strategique-de-cooperation-entre-la-mauritanie-et-le-fida","status":"publish","type":"post","link":"https:\/\/ladepeche.mr\/?p=13927","title":{"rendered":"Lancement des concertations nationales pour l\u2019\u00e9laboration d\u2019un cadre strat\u00e9gique de coop\u00e9ration entre la Mauritanie et le FIDA"},"content":{"rendered":"<p>Le minist\u00e8re de l\u2019Economie et des Finances a lanc\u00e9, jeudi \u00e0 Nouakchott, un atelier national de concertation pour l\u2019\u00e9laboration du cadre strat\u00e9gique de coop\u00e9ration entre la Mauritanie et le Fonds international de D\u00e9veloppement agricole (FIDA).<\/p>\n<p>Ce cadre strat\u00e9gique s\u2019inscrit dans le cadre des pr\u00e9paratifs de la formulation du Programme d\u2019opportunit\u00e9s strat\u00e9giques par pays (2026-2033).<\/p>\n<p>Dans une allocution prononc\u00e9e pour la circonstance, le conseiller du ministre de l\u2019Economie et des Finances charg\u00e9 des secteurs productifs, M. Ball Mohamed Vadhel, a soulign\u00e9 que la qualit\u00e9 des participants et leur large repr\u00e9sentation indiquent l\u2019importance de cette rencontre, remerciant les repr\u00e9sentants de divers institutions, partenaires techniques et financiers, projets et organisations non gouvernementales, pour leur engagement permanent \u00e0 suivre et mettre en \u0153uvre les programmes de d\u00e9veloppement, en g\u00e9n\u00e9ral, et les projets du FIDA, en particulier.<\/p>\n<p>Il a ajout\u00e9 que le Fonds dispose d\u2019un large portefeuille de projets en Mauritanie, identifi\u00e9s sur la base des objectifs strat\u00e9giques li\u00e9s aux principaux axes de la Strat\u00e9gie nationale de r\u00e9duction de la pauvret\u00e9 et les strat\u00e9gies sectorielles, indiquant que cet atelier constitue une occasion cl\u00e9 d\u2019\u00e9change entre tous les partenaires afin d\u2019identifier les meilleurs m\u00e9canismes de coop\u00e9ration.<\/p>\n<p>Ould Mohamed Vadhel a ajout\u00e9 que, depuis le d\u00e9but de ses op\u00e9rations en Mauritanie en 1980, le Fonds a financ\u00e9 16 projets, pour un investissement total de 414,14 millions de dollars, dont 187,11 millions ont \u00e9t\u00e9 apport\u00e9s par le Fonds sous forme de dons ou de pr\u00eats bonifi\u00e9s, soulignant que ces projets ont b\u00e9n\u00e9fici\u00e9 \u00e0 343 470 familles rurales.<\/p>\n<p>Il a salu\u00e9 la contribution du Fonds au d\u00e9veloppement social et \u00e9conomique de la Mauritanie, soulignant l\u2019importance de renforcer ces interventions, en particulier, dans les domaines de la s\u00e9curit\u00e9 alimentaire, la nutrition, l\u2019appui aux m\u00e9canismes d\u2019action locaux et du renforcement des capacit\u00e9s des acteurs locaux.<\/p>\n<p>Ami<\/p>\n","protected":false},"excerpt":{"rendered":"<p>Le minist\u00e8re de l\u2019Economie et des Finances a lanc\u00e9, jeudi \u00e0 Nouakchott, un atelier national de concertation pour l\u2019\u00e9laboration du cadre strat\u00e9gique de coop\u00e9ration entre la Mauritanie et le Fonds international de D\u00e9veloppement agricole (FIDA). Ce cadre strat\u00e9gique s\u2019inscrit dans le cadre des pr\u00e9paratifs de la formulation du Programme d\u2019opportunit\u00e9s strat\u00e9giques par pays (2026-2033). Dans &hellip;<\/p>\n","protected":false},"author":2,"featured_media":13928,"comment_status":"open","ping_status":"open","sticky":false,"template":"","format":"standard","meta":{"footnotes":""},"categories":[18,2],"tags":[],"class_list":["post-13927","post","type-post","status-publish","format-standard","has-post-thumbnail","hentry","category-actualites","category-economie"],"_links":{"self":[{"href":"https:\/\/ladepeche.mr\/index.php?rest_route=\/wp\/v2\/posts\/13927","targetHints":{"allow":["GET"]}}],"collection":[{"href":"https:\/\/ladepeche.mr\/index.php?rest_route=\/wp\/v2\/posts"}],"about":[{"href":"https:\/\/ladepeche.mr\/index.php?rest_route=\/wp\/v2\/types\/post"}],"author":[{"embeddable":true,"href":"https:\/\/ladepeche.mr\/index.php?rest_route=\/wp\/v2\/users\/2"}],"replies":[{"embeddable":true,"href":"https:\/\/ladepeche.mr\/index.php?rest_route=%2Fwp%2Fv2%2Fcomments&post=13927"}],"version-history":[{"count":1,"href":"https:\/\/ladepeche.mr\/index.php?rest_route=\/wp\/v2\/posts\/13927\/revisions"}],"predecessor-version":[{"id":13929,"href":"https:\/\/ladepeche.mr\/index.php?rest_route=\/wp\/v2\/posts\/13927\/revisions\/13929"}],"wp:featuredmedia":[{"embeddable":true,"href":"https:\/\/ladepeche.mr\/index.php?rest_route=\/wp\/v2\/media\/13928"}],"wp:attachment":[{"href":"https:\/\/ladepeche.mr\/index.php?rest_route=%2Fwp%2Fv2%2Fmedia&parent=13927"}],"wp:term":[{"taxonomy":"category","embeddable":true,"href":"https:\/\/ladepeche.mr\/index.php?rest_route=%2Fwp%2Fv2%2Fcategories&post=13927"},{"taxonomy":"post_tag","embeddable":true,"href":"https:\/\/ladepeche.mr\/index.php?rest_route=%2Fwp%2Fv2%2Ftags&post=13927"}],"curies":[{"name":"wp","href":"https:\/\/api.w.org\/{rel}","templated":true}]}}