{"id":13930,"date":"2025-02-06T16:30:06","date_gmt":"2025-02-06T16:30:06","guid":{"rendered":"https:\/\/ladepeche.mr\/?p=13930"},"modified":"2025-02-06T15:58:35","modified_gmt":"2025-02-06T15:58:35","slug":"le-chemin-vers-la-cooperation-est-long-les-acteurs-europeens-et-africains-trouvent-un-terrain-dentente-sur-les-societes-mixtes-dans-la-peche","status":"publish","type":"post","link":"https:\/\/ladepeche.mr\/?p=13930","title":{"rendered":"Le chemin vers la coop\u00e9ration est long : Les acteurs europ\u00e9ens et africains trouvent un terrain d&#8217;entente sur les soci\u00e9t\u00e9s mixtes dans la p\u00eache"},"content":{"rendered":"<p>Le Conseil consultatif de l&#8217;UE de p\u00eache lointaine (LDAC) et la CAPE ont publi\u00e9 le rapport du s\u00e9minaire qu&#8217;ils ont organis\u00e9 conjointement en mai dernier \u00e0 Berlin, au si\u00e8ge de l&#8217;ONG Pain pour le monde.<br \/>\nLa question de l&#8217;impact et du r\u00f4le des soci\u00e9t\u00e9s mixtes de p\u00eache en Afrique est \u00e0 l&#8217;ordre du jour depuis longtemps, la p\u00eache artisanale africaine et l&#8217;industrie europ\u00e9enne exprimant g\u00e9n\u00e9ralement des points de vue oppos\u00e9s.<\/p>\n<p>En 2011, la CAOPA, en collaboration avec CAPE et l&#8217;EED (aujourd&#8217;hui PPM), a publi\u00e9 la toute premi\u00e8re \u00e9tude sur l&#8217;impact des soci\u00e9t\u00e9s mixtes de p\u00eache sur la p\u00eache artisanale au S\u00e9n\u00e9gal et en Mauritanie, montrant comment, dans ces pays, les chalutiers d&#8217;origine asiatique et europ\u00e9enne, battant pavillon local, \u00e9taient en concurrence avec la p\u00eache artisanale locale.<\/p>\n<p>Plus loin, en 2015, une conf\u00e9rence internationale a \u00e9t\u00e9 organis\u00e9e par le LDAC sur la dimension ext\u00e9rieure de la politique commune de la p\u00eache (PCP), \u00e0 laquelle ont \u00e9t\u00e9 invit\u00e9s des gouvernements europ\u00e9ens et africains, des organisations r\u00e9gionales, des organisations de p\u00eacheurs et des ONG. \u00c0 l&#8217;\u00e9poque, les participants avaient appel\u00e9 \u00e0 : &#8220;Les soci\u00e9t\u00e9s mixtes de p\u00eache doivent op\u00e9rer de mani\u00e8re transparente, ne pas concurrencer la p\u00eache artisanale et contribuer aux objectifs de d\u00e9veloppement du pays africain concern\u00e9 \u00bb.<\/p>\n<p>Cependant, beaucoup d&#8217;eau a coul\u00e9 sous les ponts, jusqu&#8217;\u00e0 ce que les parties prenantes africaines et europ\u00e9ennes puissent se rencontrer \u00e0 nouveau \u00e0 Berlin et entamer des \u00e9changes approfondis sur les entreprises mixtes de p\u00eache en \u00e9coutant les points de vue des parties prenantes africaines.<\/p>\n<p>Le LDAC vient de publier le rapport final de ce s\u00e9minaire qui est disponible en fran\u00e7ais, anglais et espagnol.<\/p>\n<p>Prochaines \u00e9tapes&#8230;<br \/>\nTous les participants se sont accord\u00e9s sur la n\u00e9cessit\u00e9 de d\u00e9velopper \u00ab un cadre juridique au niveau des pays africains, applicable \u00e0 tous, quel que soit le pays d&#8217;origine de l&#8217;armateur effectif \u00bb. Ce cadre devrait garantir que leurs op\u00e9rations sont durables, qu&#8217;elles n&#8217;entrent pas en concurrence avec le secteur de la p\u00eache artisanale locale et qu&#8217;elles contribuent aux \u00e9conomies locales et \u00e0 la s\u00e9curit\u00e9 alimentaire.<\/p>\n<p>Tous les participants ont insist\u00e9 sur le fait que la transparence est essentielle pour garantir que les soci\u00e9t\u00e9s mixtes fonctionnent de mani\u00e8re durable. Dans ce contexte, \u00ab il est n\u00e9cessaire de r\u00e9viser, au niveau africain, l&#8217;acte uniforme sur les soci\u00e9t\u00e9s commerciales et les groupements \u00e9conomiques d&#8217;int\u00e9r\u00eat (GIE), d&#8217;introduire la forme juridique des soci\u00e9t\u00e9s mixtes et la collecte d&#8217;informations sur le propri\u00e9taire et l&#8217;op\u00e9rateur effectif de ces soci\u00e9t\u00e9s mixtes \u00bb. Il a \u00e9t\u00e9 soulign\u00e9 que tous les pays europ\u00e9ens devraient suivre l&#8217;exemple de l&#8217;Espagne, en collectant et en publiant des informations sur les soci\u00e9t\u00e9s mixtes de p\u00eache.<\/p>\n<p>En ce qui concerne l&#8217;Union europ\u00e9enne, il a \u00e9t\u00e9 rappel\u00e9 que les accords de partenariat pour une p\u00eache durable (APPD) encouragent la cr\u00e9ation de soci\u00e9t\u00e9s mixtes, compte tenu du r\u00f4le qu&#8217;elles jouent dans les pays tiers. Il a \u00e9t\u00e9 sugg\u00e9r\u00e9 d&#8217;inclure des normes pour s&#8217;assurer que la constitution de ces soci\u00e9t\u00e9s mixtes respecte les normes de p\u00eache durable promues par l&#8217;UE.<\/p>\n<p>Comme l&#8217;a dit le pr\u00e9sident de la LDAC, M. Ivan Lopez : \u00ab le travail commence maintenant \u00bb. Le LDAC devrait tenir d&#8217;autres r\u00e9unions sur ce sujet et \u00e9laborer des recommandations en vue de la r\u00e9vision de la PCP.<\/p>\n<p>Source CAPE<\/p>\n","protected":false},"excerpt":{"rendered":"<p>Le Conseil consultatif de l&#8217;UE de p\u00eache lointaine (LDAC) et la CAPE ont publi\u00e9 le rapport du s\u00e9minaire qu&#8217;ils ont organis\u00e9 conjointement en mai dernier \u00e0 Berlin, au si\u00e8ge de l&#8217;ONG Pain pour le monde. La question de l&#8217;impact et du r\u00f4le des soci\u00e9t\u00e9s mixtes de p\u00eache en Afrique est \u00e0 l&#8217;ordre du jour depuis &hellip;<\/p>\n","protected":false},"author":2,"featured_media":13931,"comment_status":"open","ping_status":"open","sticky":false,"template":"","format":"standard","meta":{"footnotes":""},"categories":[18,2,29],"tags":[],"class_list":["post-13930","post","type-post","status-publish","format-standard","has-post-thumbnail","hentry","category-actualites","category-economie","category-monde"],"_links":{"self":[{"href":"https:\/\/ladepeche.mr\/index.php?rest_route=\/wp\/v2\/posts\/13930","targetHints":{"allow":["GET"]}}],"collection":[{"href":"https:\/\/ladepeche.mr\/index.php?rest_route=\/wp\/v2\/posts"}],"about":[{"href":"https:\/\/ladepeche.mr\/index.php?rest_route=\/wp\/v2\/types\/post"}],"author":[{"embeddable":true,"href":"https:\/\/ladepeche.mr\/index.php?rest_route=\/wp\/v2\/users\/2"}],"replies":[{"embeddable":true,"href":"https:\/\/ladepeche.mr\/index.php?rest_route=%2Fwp%2Fv2%2Fcomments&post=13930"}],"version-history":[{"count":1,"href":"https:\/\/ladepeche.mr\/index.php?rest_route=\/wp\/v2\/posts\/13930\/revisions"}],"predecessor-version":[{"id":13932,"href":"https:\/\/ladepeche.mr\/index.php?rest_route=\/wp\/v2\/posts\/13930\/revisions\/13932"}],"wp:featuredmedia":[{"embeddable":true,"href":"https:\/\/ladepeche.mr\/index.php?rest_route=\/wp\/v2\/media\/13931"}],"wp:attachment":[{"href":"https:\/\/ladepeche.mr\/index.php?rest_route=%2Fwp%2Fv2%2Fmedia&parent=13930"}],"wp:term":[{"taxonomy":"category","embeddable":true,"href":"https:\/\/ladepeche.mr\/index.php?rest_route=%2Fwp%2Fv2%2Fcategories&post=13930"},{"taxonomy":"post_tag","embeddable":true,"href":"https:\/\/ladepeche.mr\/index.php?rest_route=%2Fwp%2Fv2%2Ftags&post=13930"}],"curies":[{"name":"wp","href":"https:\/\/api.w.org\/{rel}","templated":true}]}}