{"id":13933,"date":"2025-02-06T18:07:28","date_gmt":"2025-02-06T18:07:28","guid":{"rendered":"https:\/\/ladepeche.mr\/?p=13933"},"modified":"2025-02-06T18:07:28","modified_gmt":"2025-02-06T18:07:28","slug":"journee-internationale-contre-lexcision-un-phenomene-dont-la-prevalence-reste-elevee-dans-notre-pays","status":"publish","type":"post","link":"https:\/\/ladepeche.mr\/?p=13933","title":{"rendered":"Journ\u00e9e internationale contre l\u2019excision\u00a0: Un ph\u00e9nom\u00e8ne dont la pr\u00e9valence reste \u00e9lev\u00e9e dans notre pays"},"content":{"rendered":"<p>La pr\u00e9valence du ph\u00e9nom\u00e8ne de l\u2019excision reste tr\u00e8s \u00e9lev\u00e9e et plus de 70.000 fillettes entre 0 et 14 ans en sont des victimes potentielles, a soulign\u00e9 jeudi, Smith Haidara, repr\u00e9sentant le Fnuap \u00e0 l\u2019occasion de la Journ\u00e9e Internationale de la Tol\u00e9rance Z\u00e9ro face \u00e0 l\u2019excision, c\u00e9l\u00e9br\u00e9e sous le th\u00e8me \u2018\u2019acc\u00e9l\u00e9rer le rythme : renforcer les alliances et mettre en place des mouvements pour \u00e9radiquer la pratique de l\u2019excision\u2019\u2019.<\/p>\n<p>Se r\u00e9f\u00e9rant aux donn\u00e9es de la troisi\u00e8me phase du programme conjoint UNFPA-UNICEF, S. Haidara qui a cit\u00e9, les r\u00e9sultats de l\u2019Enqu\u00eate d\u00e9mographique et de sant\u00e9 de 2019-2020, a \u00e9galement pr\u00e9cis\u00e9 que 72 156 filles \u00e2g\u00e9es de 0 \u00e0 14 ans sont des victimes potentielles des MGF dans les zones d\u2019intervention du programme.<\/p>\n<p>Smith Haidara a, par ailleurs, rappel\u00e9 la volont\u00e9 politique des autorit\u00e9s mauritaniennes marqu\u00e9e par l\u2019organisation d\u2019une telle journ\u00e9e avec la participation de toutes les parties prenantes est \u00abl&#8217;engagement collectif et la ferme volont\u00e9 d\u2019\u00e9radiquer cette pratique, qui viole les droits fondamentaux des filles et des femmes \u00bb.<\/p>\n<p>Pour sa part,\u00a0 El Alya mint Sidi Yaaraf, charg\u00e9e de mission au minist\u00e8re de l\u2019Action Sociale, de l\u2019Enfance et de la Famille a reconnu que \u2018\u2019la pratique de l\u2019excision est r\u00e9pandue en Mauritanie malgr\u00e9 les efforts consentis par le d\u00e9partement et les autres institutions concern\u00e9es ces derni\u00e8res ann\u00e9es\u2019\u2019 soulignant cependant que la pratique de l\u2019excision a fortement baiss\u00e9 pour ce qui est de la tranche d\u2019\u00e2ge (15-49 ans)\u00a0 repr\u00e9sentant 64%, alors que pour ce qui de la tranche d\u2019\u00e2ge entre 0 \u00e014 ans,le \u00ab\u00a0recul repr\u00e9sente 44% selon les chiffres fournis par l\u2019enqu\u00eate nationale de 2019-2020\u00a0\u00bb.<\/p>\n<p>Elle explique la baisse de l\u2019excision par \u00ab\u00a0la mise en \u0153uvre d\u2019un plan d\u2019action efficace dans le cadre d\u2019une strat\u00e9gie nationale de lutte contre cette pratique n\u00e9faste, \u00e9labor\u00e9 et supervis\u00e9 par le d\u00e9partement, en coop\u00e9ration avec les partenaires et les acteurs concern\u00e9s\u00a0\u00bb.<\/p>\n<p>230 millions de filles et de femmes dans le monde, rappelle-t-on, sont victimes de cette pratique mutilation g\u00e9nitale qui viole leur int\u00e9grit\u00e9 physique.<\/p>\n","protected":false},"excerpt":{"rendered":"<p>La pr\u00e9valence du ph\u00e9nom\u00e8ne de l\u2019excision reste tr\u00e8s \u00e9lev\u00e9e et plus de 70.000 fillettes entre 0 et 14 ans en sont des victimes potentielles, a soulign\u00e9 jeudi, Smith Haidara, repr\u00e9sentant le Fnuap \u00e0 l\u2019occasion de la Journ\u00e9e Internationale de la Tol\u00e9rance Z\u00e9ro face \u00e0 l\u2019excision, c\u00e9l\u00e9br\u00e9e sous le th\u00e8me \u2018\u2019acc\u00e9l\u00e9rer le rythme : renforcer les &hellip;<\/p>\n","protected":false},"author":2,"featured_media":13934,"comment_status":"open","ping_status":"open","sticky":false,"template":"","format":"standard","meta":{"footnotes":""},"categories":[18,29,27],"tags":[],"class_list":["post-13933","post","type-post","status-publish","format-standard","has-post-thumbnail","hentry","category-actualites","category-monde","category-sante"],"_links":{"self":[{"href":"https:\/\/ladepeche.mr\/index.php?rest_route=\/wp\/v2\/posts\/13933","targetHints":{"allow":["GET"]}}],"collection":[{"href":"https:\/\/ladepeche.mr\/index.php?rest_route=\/wp\/v2\/posts"}],"about":[{"href":"https:\/\/ladepeche.mr\/index.php?rest_route=\/wp\/v2\/types\/post"}],"author":[{"embeddable":true,"href":"https:\/\/ladepeche.mr\/index.php?rest_route=\/wp\/v2\/users\/2"}],"replies":[{"embeddable":true,"href":"https:\/\/ladepeche.mr\/index.php?rest_route=%2Fwp%2Fv2%2Fcomments&post=13933"}],"version-history":[{"count":1,"href":"https:\/\/ladepeche.mr\/index.php?rest_route=\/wp\/v2\/posts\/13933\/revisions"}],"predecessor-version":[{"id":13935,"href":"https:\/\/ladepeche.mr\/index.php?rest_route=\/wp\/v2\/posts\/13933\/revisions\/13935"}],"wp:featuredmedia":[{"embeddable":true,"href":"https:\/\/ladepeche.mr\/index.php?rest_route=\/wp\/v2\/media\/13934"}],"wp:attachment":[{"href":"https:\/\/ladepeche.mr\/index.php?rest_route=%2Fwp%2Fv2%2Fmedia&parent=13933"}],"wp:term":[{"taxonomy":"category","embeddable":true,"href":"https:\/\/ladepeche.mr\/index.php?rest_route=%2Fwp%2Fv2%2Fcategories&post=13933"},{"taxonomy":"post_tag","embeddable":true,"href":"https:\/\/ladepeche.mr\/index.php?rest_route=%2Fwp%2Fv2%2Ftags&post=13933"}],"curies":[{"name":"wp","href":"https:\/\/api.w.org\/{rel}","templated":true}]}}