{"id":13936,"date":"2025-02-06T19:41:22","date_gmt":"2025-02-06T19:41:22","guid":{"rendered":"https:\/\/ladepeche.mr\/?p=13936"},"modified":"2025-02-06T19:41:22","modified_gmt":"2025-02-06T19:41:22","slug":"le-ministre-des-affaires-etrangeres-remet-un-message-ecrit-du-president-de-la-republique-a-son-homologue-algerien","status":"publish","type":"post","link":"https:\/\/ladepeche.mr\/?p=13936","title":{"rendered":"Le ministre des Affaires \u00e9trang\u00e8res remet un message \u00e9crit du Pr\u00e9sident de la R\u00e9publique \u00e0 son homologue alg\u00e9rien"},"content":{"rendered":"<p>Le ministre des Affaires Etrang\u00e8res, de la Coop\u00e9ration Africaine et des Mauritaniens de l\u2019Ext\u00e9rieur, M. Mohamed Salem Ould Merzoug, a remis, jeudi \u00e0 Alger, un message \u00e9crit de Son Excellence le Pr\u00e9sident de la R\u00e9publique, Monsieur Mohamed Ould Cheikh El Ghazouani, \u00e0 son fr\u00e8re et ami, Son Excellence Monsieur Abdelmadjid Tebboune, Pr\u00e9sident de la R\u00e9publique alg\u00e9rienne d\u00e9mocratique et populaire.<\/p>\n<p>Le message a \u00e9t\u00e9 remis en pr\u00e9sence de S.E. M. Sidi Mohamed Ould Mohamed Abdellahi, ambassadeur de la Mauritanie accr\u00e9dit\u00e9 en Alg\u00e9rie.<\/p>\n<p>Notons que le ministre des Affaires \u00e9trang\u00e8res, de la Coop\u00e9ration africaine et des Mauritaniens de l\u2019Ext\u00e9rieur avait quitt\u00e9 Nouakchott hier soir \u00e0 destination d\u2019Alger porteur d\u2019un message \u00e9crit du Pr\u00e9sident de la R\u00e9publique \u00e0 son homologue alg\u00e9rien.<\/p>\n<p>Ami<\/p>\n","protected":false},"excerpt":{"rendered":"<p>Le ministre des Affaires Etrang\u00e8res, de la Coop\u00e9ration Africaine et des Mauritaniens de l\u2019Ext\u00e9rieur, M. Mohamed Salem Ould Merzoug, a remis, jeudi \u00e0 Alger, un message \u00e9crit de Son Excellence le Pr\u00e9sident de la R\u00e9publique, Monsieur Mohamed Ould Cheikh El Ghazouani, \u00e0 son fr\u00e8re et ami, Son Excellence Monsieur Abdelmadjid Tebboune, Pr\u00e9sident de la R\u00e9publique &hellip;<\/p>\n","protected":false},"author":2,"featured_media":13937,"comment_status":"open","ping_status":"open","sticky":false,"template":"","format":"standard","meta":{"footnotes":""},"categories":[18,29],"tags":[],"class_list":["post-13936","post","type-post","status-publish","format-standard","has-post-thumbnail","hentry","category-actualites","category-monde"],"_links":{"self":[{"href":"https:\/\/ladepeche.mr\/index.php?rest_route=\/wp\/v2\/posts\/13936","targetHints":{"allow":["GET"]}}],"collection":[{"href":"https:\/\/ladepeche.mr\/index.php?rest_route=\/wp\/v2\/posts"}],"about":[{"href":"https:\/\/ladepeche.mr\/index.php?rest_route=\/wp\/v2\/types\/post"}],"author":[{"embeddable":true,"href":"https:\/\/ladepeche.mr\/index.php?rest_route=\/wp\/v2\/users\/2"}],"replies":[{"embeddable":true,"href":"https:\/\/ladepeche.mr\/index.php?rest_route=%2Fwp%2Fv2%2Fcomments&post=13936"}],"version-history":[{"count":1,"href":"https:\/\/ladepeche.mr\/index.php?rest_route=\/wp\/v2\/posts\/13936\/revisions"}],"predecessor-version":[{"id":13938,"href":"https:\/\/ladepeche.mr\/index.php?rest_route=\/wp\/v2\/posts\/13936\/revisions\/13938"}],"wp:featuredmedia":[{"embeddable":true,"href":"https:\/\/ladepeche.mr\/index.php?rest_route=\/wp\/v2\/media\/13937"}],"wp:attachment":[{"href":"https:\/\/ladepeche.mr\/index.php?rest_route=%2Fwp%2Fv2%2Fmedia&parent=13936"}],"wp:term":[{"taxonomy":"category","embeddable":true,"href":"https:\/\/ladepeche.mr\/index.php?rest_route=%2Fwp%2Fv2%2Fcategories&post=13936"},{"taxonomy":"post_tag","embeddable":true,"href":"https:\/\/ladepeche.mr\/index.php?rest_route=%2Fwp%2Fv2%2Ftags&post=13936"}],"curies":[{"name":"wp","href":"https:\/\/api.w.org\/{rel}","templated":true}]}}