{"id":1394,"date":"2022-08-05T09:56:38","date_gmt":"2022-08-05T09:56:38","guid":{"rendered":"https:\/\/ladepeche.mr\/?p=1394"},"modified":"2022-08-05T23:23:57","modified_gmt":"2022-08-05T23:23:57","slug":"mauritanie-mali-goita-depeche-une-mission-a-nouakchott-pour-remercier-les-autorites-mauritaniennes-pour-leur-solidarite","status":"publish","type":"post","link":"https:\/\/ladepeche.mr\/?p=1394","title":{"rendered":"Mauritanie-Mali\u00a0: Goita d\u00e9p\u00eache une mission \u00e0 Nouakchott pour remercier les autorit\u00e9s mauritaniennes pour leur solidarit\u00e9"},"content":{"rendered":"<p>Le pr\u00e9sident malien, Assimi Goita, a d\u00e9p\u00eache jeudi une mission officielle de son gouvernement conduite par son ministre des affaires \u00e9trang\u00e8res, Abdoulaye Diop.<\/p>\n<p>Dans une d\u00e9claration faite \u00e0 nos confr\u00e8res de l\u2019Agence Mauritanienne d\u2019Information, le responsable malien a indiqu\u00e9 qu\u2019il \u00e9tait porteur d\u2019un message de \u00ab\u00a0gratitude du pr\u00e9sident de la transition du Mali, du gouvernement et de l\u2019ensemble du peuple maliens \u00e0 l\u2019endroit du Pr\u00e9sident de la R\u00e9publique Islamique de Mauritanie, du gouvernement, et surtout du peuple mauritanien pour le soutien et la solidarit\u00e9 au Mali\u00a0\u00bb.<\/p>\n<p>Cette solidarit\u00e9 a-t-il ajout\u00e9 s\u2019est traduite pendant la crise avec la communaut\u00e9 sous-r\u00e9gionale par le maintien \u00ab\u00a0de fronti\u00e8res ouvertes avec le Mali\u00a0\u00bb au b\u00e9n\u00e9fice du pays et de ses op\u00e9rateurs \u00e9conomiques.<\/p>\n<p>Le chef de la diplomatie malienne a enfin rappel\u00e9 que les deux pays veulent renfoncer leur coop\u00e9ration bilat\u00e9rale notamment en termes d\u2019\u00e9changes \u00e9conomiques et s\u00e9curitaires.<\/p>\n","protected":false},"excerpt":{"rendered":"<p>Le pr\u00e9sident malien, Assimi Goita, a d\u00e9p\u00eache jeudi une mission officielle de son gouvernement conduite par son ministre des affaires \u00e9trang\u00e8res, Abdoulaye Diop. Dans une d\u00e9claration faite \u00e0 nos confr\u00e8res de l\u2019Agence Mauritanienne d\u2019Information, le responsable malien a indiqu\u00e9 qu\u2019il \u00e9tait porteur d\u2019un message de \u00ab\u00a0gratitude du pr\u00e9sident de la transition du Mali, du gouvernement &hellip;<\/p>\n","protected":false},"author":2,"featured_media":1395,"comment_status":"open","ping_status":"open","sticky":false,"template":"","format":"standard","meta":{"footnotes":""},"categories":[18,29,28],"tags":[],"class_list":["post-1394","post","type-post","status-publish","format-standard","has-post-thumbnail","hentry","category-actualites","category-monde","category-sahel"],"_links":{"self":[{"href":"https:\/\/ladepeche.mr\/index.php?rest_route=\/wp\/v2\/posts\/1394","targetHints":{"allow":["GET"]}}],"collection":[{"href":"https:\/\/ladepeche.mr\/index.php?rest_route=\/wp\/v2\/posts"}],"about":[{"href":"https:\/\/ladepeche.mr\/index.php?rest_route=\/wp\/v2\/types\/post"}],"author":[{"embeddable":true,"href":"https:\/\/ladepeche.mr\/index.php?rest_route=\/wp\/v2\/users\/2"}],"replies":[{"embeddable":true,"href":"https:\/\/ladepeche.mr\/index.php?rest_route=%2Fwp%2Fv2%2Fcomments&post=1394"}],"version-history":[{"count":1,"href":"https:\/\/ladepeche.mr\/index.php?rest_route=\/wp\/v2\/posts\/1394\/revisions"}],"predecessor-version":[{"id":1396,"href":"https:\/\/ladepeche.mr\/index.php?rest_route=\/wp\/v2\/posts\/1394\/revisions\/1396"}],"wp:featuredmedia":[{"embeddable":true,"href":"https:\/\/ladepeche.mr\/index.php?rest_route=\/wp\/v2\/media\/1395"}],"wp:attachment":[{"href":"https:\/\/ladepeche.mr\/index.php?rest_route=%2Fwp%2Fv2%2Fmedia&parent=1394"}],"wp:term":[{"taxonomy":"category","embeddable":true,"href":"https:\/\/ladepeche.mr\/index.php?rest_route=%2Fwp%2Fv2%2Fcategories&post=1394"},{"taxonomy":"post_tag","embeddable":true,"href":"https:\/\/ladepeche.mr\/index.php?rest_route=%2Fwp%2Fv2%2Ftags&post=1394"}],"curies":[{"name":"wp","href":"https:\/\/api.w.org\/{rel}","templated":true}]}}