{"id":13945,"date":"2025-02-07T09:40:29","date_gmt":"2025-02-07T09:40:29","guid":{"rendered":"https:\/\/ladepeche.mr\/?p=13945"},"modified":"2025-02-07T09:40:29","modified_gmt":"2025-02-07T09:40:29","slug":"etats-unis-manifestations-contre-la-politique-de-trump-le-projet-2025-et-elon-musk","status":"publish","type":"post","link":"https:\/\/ladepeche.mr\/?p=13945","title":{"rendered":"\u00c9tats-Unis : manifestations contre la politique de Trump, le projet 2025 et Elon Musk"},"content":{"rendered":"<p class=\"c-article-summary\">Des manifestants se sont rassembl\u00e9s mercredi \u00e0 travers les \u00c9tats-Unis pour protester contre les mesures prises par le pr\u00e9sident am\u00e9ricain Donald Trump, r\u00e9cemment investi.<\/p>\n<div id=\"poool-content\" class=\"c-article-content js-article-content poool-content\" data-poool-session-status=\"released\">\n<p>Des milliers de manifestants se sont rassembl\u00e9s dans des villes \u00e0 travers les \u00c9tats-Unis mercredi pour protester contre les premi\u00e8res actions de l&#8217;administration Trump, d\u00e9criant tout, de la r\u00e9pression de l&#8217;immigration du pr\u00e9sident \u00e0 son recul des droits des transgenres et \u00e0 une proposition de transfert forc\u00e9 des Palestiniens de la bande de Gaza.<\/p>\n<p>\u00c0 Austin au Texas, des centaines de manifestants ont d\u00e9fil\u00e9 autour du Capitole de l&#8217;\u00c9tat, en scandant et en brandissant des pancartes : &#8220;<strong>C&#8217;est \u00e0 cela que ressemble la d\u00e9mocratie<\/strong>.&#8221;<\/p>\n<p>\u00c0 Philadelphie et dans les capitales des \u00c9tats de Californie, du Minnesota, du Michigan, du Wisconsin, de l&#8217;Indiana et d&#8217;ailleurs, les manifestants ont brandi des pancartes d\u00e9non\u00e7ant le pr\u00e9sident Donald Trump, le milliardaire Elon Musk et le\u00a0<a href=\"https:\/\/www.euronews.com\/2024\/07\/24\/project-2025-the-ultra-radical-gameplan-for-a-second-trump-presidency\"><strong>projet 2025<\/strong><\/a>, une feuille de route de l&#8217;aile ultra radicale et lib\u00e9rale des R\u00e9publicains, pour le gouvernement et la soci\u00e9t\u00e9 am\u00e9ricains.<\/p>\n<p>Les manifestations \u00e9taient le r\u00e9sultat d&#8217;un mouvement qui s&#8217;est organis\u00e9 en ligne sous les hashtags\u00a0<strong>#buildtheresistance et #50501<\/strong>, qui signifie 50 manifestations, 50 \u00c9tats, un jour. Des sites web et des comptes sur les m\u00e9dias sociaux ont lanc\u00e9 des appels \u00e0 l&#8217;action, avec des messages tels que &#8220;Rejeter le fascisme&#8221; et &#8220;D\u00e9fendre notre d\u00e9mocratie&#8221;.<\/p>\n<p><a href=\"https:\/\/fr.euronews.com\/2025\/02\/06\/etats-unis-manifestations-contre-la-politique-de-trump-le-projet-2025-et-elon-musk\">\u00c9tats-Unis : manifestations contre la politique de Trump, le projet 2025 et Elon Musk | Euronews<\/a><\/p>\n<\/div>\n","protected":false},"excerpt":{"rendered":"<p>Des manifestants se sont rassembl\u00e9s mercredi \u00e0 travers les \u00c9tats-Unis pour protester contre les mesures prises par le pr\u00e9sident am\u00e9ricain Donald Trump, r\u00e9cemment investi. Des milliers de manifestants se sont rassembl\u00e9s dans des villes \u00e0 travers les \u00c9tats-Unis mercredi pour protester contre les premi\u00e8res actions de l&#8217;administration Trump, d\u00e9criant tout, de la r\u00e9pression de l&#8217;immigration &hellip;<\/p>\n","protected":false},"author":2,"featured_media":13946,"comment_status":"open","ping_status":"open","sticky":false,"template":"","format":"standard","meta":{"footnotes":""},"categories":[18,29],"tags":[],"class_list":["post-13945","post","type-post","status-publish","format-standard","has-post-thumbnail","hentry","category-actualites","category-monde"],"_links":{"self":[{"href":"https:\/\/ladepeche.mr\/index.php?rest_route=\/wp\/v2\/posts\/13945","targetHints":{"allow":["GET"]}}],"collection":[{"href":"https:\/\/ladepeche.mr\/index.php?rest_route=\/wp\/v2\/posts"}],"about":[{"href":"https:\/\/ladepeche.mr\/index.php?rest_route=\/wp\/v2\/types\/post"}],"author":[{"embeddable":true,"href":"https:\/\/ladepeche.mr\/index.php?rest_route=\/wp\/v2\/users\/2"}],"replies":[{"embeddable":true,"href":"https:\/\/ladepeche.mr\/index.php?rest_route=%2Fwp%2Fv2%2Fcomments&post=13945"}],"version-history":[{"count":1,"href":"https:\/\/ladepeche.mr\/index.php?rest_route=\/wp\/v2\/posts\/13945\/revisions"}],"predecessor-version":[{"id":13947,"href":"https:\/\/ladepeche.mr\/index.php?rest_route=\/wp\/v2\/posts\/13945\/revisions\/13947"}],"wp:featuredmedia":[{"embeddable":true,"href":"https:\/\/ladepeche.mr\/index.php?rest_route=\/wp\/v2\/media\/13946"}],"wp:attachment":[{"href":"https:\/\/ladepeche.mr\/index.php?rest_route=%2Fwp%2Fv2%2Fmedia&parent=13945"}],"wp:term":[{"taxonomy":"category","embeddable":true,"href":"https:\/\/ladepeche.mr\/index.php?rest_route=%2Fwp%2Fv2%2Fcategories&post=13945"},{"taxonomy":"post_tag","embeddable":true,"href":"https:\/\/ladepeche.mr\/index.php?rest_route=%2Fwp%2Fv2%2Ftags&post=13945"}],"curies":[{"name":"wp","href":"https:\/\/api.w.org\/{rel}","templated":true}]}}