{"id":13949,"date":"2025-02-07T22:06:04","date_gmt":"2025-02-07T22:06:04","guid":{"rendered":"https:\/\/ladepeche.mr\/?p=13949"},"modified":"2025-02-07T22:06:04","modified_gmt":"2025-02-07T22:06:04","slug":"rfd-le-tribunal-accorde-a-ould-daddah-20-jours-pour-repondre-a-une-requete","status":"publish","type":"post","link":"https:\/\/ladepeche.mr\/?p=13949","title":{"rendered":"RFD\u00a0: le tribunal accorde \u00e0 Ould Daddah 20 jours pour r\u00e9pondre \u00e0 une requ\u00eate"},"content":{"rendered":"<p>La chambre civile du tribunal de Nouakchott-Ouest a notifi\u00e9 au pr\u00e9sident d\u2019honneur du Rassemblement des forces d\u00e9mocratiques, Ahmed Ould Daddah, une requ\u00eate pour donner ses explications, dans un d\u00e9lai de 20 jours, relativement \u00e0 une plainte introduite par le pr\u00e9sident en exercice du parti, Mokhtar Ould Cheikh, r\u00e9v\u00e8lent nos confr\u00e8res de Alakhbar en arabe.<\/p>\n<p>Cette proc\u00e9dure fait \u00e9galement suite \u00e0 l\u2019ordonnance de rejet contre une demande au nom du parti du RFD introduite par Me Mohamed El Mami Ould Moulay Ali, (aile Mokhtar Ould Cheikh) r\u00e9clamant la suspension de toutes les activit\u00e9s organis\u00e9es au nom du parti qui ne seraient pas d\u00e9cid\u00e9es par les \u00ab organes l\u00e9gitimes\u00bb du parti.<\/p>\n<p>Le tribunal justifierait sa prise de l\u2019ordonnance de rejet, &#8220;apr\u00e8s avoir examin\u00e9 les documents soumis par les deux parties, notamment les statuts et les statuts du parti, certaines d\u00e9cisions, la correspondance entre les deux organes et le minist\u00e8re de l\u2019Int\u00e9rieur, ainsi que des photos et des vid\u00e9os&#8221;.<\/p>\n<p>Dans ce bras de fer entre les deux blocs oppos\u00e9s au sein du RFD, Me Ould Moulay Ely soutiendrait que la d\u00e9cision du tribunal a reconnu \u00abl\u2019existence et la gravit\u00e9 du litige, mais (que) le tribunal s\u2019est abstenu de statuer en urgence\u00bb.<\/p>\n<p>Un conflit pour la mainmise sur les instances du parti divise le RFD depuis que son ancien pr\u00e9sident, Ahmed Ould Daddah, a d\u00e9cid\u00e9 pour raison de sant\u00e9 de quitter la sc\u00e8ne politique.<\/p>\n","protected":false},"excerpt":{"rendered":"<p>La chambre civile du tribunal de Nouakchott-Ouest a notifi\u00e9 au pr\u00e9sident d\u2019honneur du Rassemblement des forces d\u00e9mocratiques, Ahmed Ould Daddah, une requ\u00eate pour donner ses explications, dans un d\u00e9lai de 20 jours, relativement \u00e0 une plainte introduite par le pr\u00e9sident en exercice du parti, Mokhtar Ould Cheikh, r\u00e9v\u00e8lent nos confr\u00e8res de Alakhbar en arabe. Cette &hellip;<\/p>\n","protected":false},"author":2,"featured_media":13950,"comment_status":"open","ping_status":"open","sticky":false,"template":"","format":"standard","meta":{"footnotes":""},"categories":[18,31],"tags":[],"class_list":["post-13949","post","type-post","status-publish","format-standard","has-post-thumbnail","hentry","category-actualites","category-politique-et-reportages"],"_links":{"self":[{"href":"https:\/\/ladepeche.mr\/index.php?rest_route=\/wp\/v2\/posts\/13949","targetHints":{"allow":["GET"]}}],"collection":[{"href":"https:\/\/ladepeche.mr\/index.php?rest_route=\/wp\/v2\/posts"}],"about":[{"href":"https:\/\/ladepeche.mr\/index.php?rest_route=\/wp\/v2\/types\/post"}],"author":[{"embeddable":true,"href":"https:\/\/ladepeche.mr\/index.php?rest_route=\/wp\/v2\/users\/2"}],"replies":[{"embeddable":true,"href":"https:\/\/ladepeche.mr\/index.php?rest_route=%2Fwp%2Fv2%2Fcomments&post=13949"}],"version-history":[{"count":1,"href":"https:\/\/ladepeche.mr\/index.php?rest_route=\/wp\/v2\/posts\/13949\/revisions"}],"predecessor-version":[{"id":13951,"href":"https:\/\/ladepeche.mr\/index.php?rest_route=\/wp\/v2\/posts\/13949\/revisions\/13951"}],"wp:featuredmedia":[{"embeddable":true,"href":"https:\/\/ladepeche.mr\/index.php?rest_route=\/wp\/v2\/media\/13950"}],"wp:attachment":[{"href":"https:\/\/ladepeche.mr\/index.php?rest_route=%2Fwp%2Fv2%2Fmedia&parent=13949"}],"wp:term":[{"taxonomy":"category","embeddable":true,"href":"https:\/\/ladepeche.mr\/index.php?rest_route=%2Fwp%2Fv2%2Fcategories&post=13949"},{"taxonomy":"post_tag","embeddable":true,"href":"https:\/\/ladepeche.mr\/index.php?rest_route=%2Fwp%2Fv2%2Ftags&post=13949"}],"curies":[{"name":"wp","href":"https:\/\/api.w.org\/{rel}","templated":true}]}}