{"id":13958,"date":"2025-02-09T23:15:41","date_gmt":"2025-02-09T23:15:41","guid":{"rendered":"https:\/\/ladepeche.mr\/?p=13958"},"modified":"2025-02-09T23:15:41","modified_gmt":"2025-02-09T23:15:41","slug":"afrique-mauritanie-ua-education-paix-economie-diplomatie-les-initiatives-de-la-presidence-mauritanienne-de-lua","status":"publish","type":"post","link":"https:\/\/ladepeche.mr\/?p=13958","title":{"rendered":"AFRIQUE-MAURITANIE-UA \/ Education, paix, \u00e9conomie, diplomatie : les initiatives de la pr\u00e9sidence mauritanienne de l\u2019UA"},"content":{"rendered":"<p data-t=\"{&quot;n&quot;:&quot;blueLinks&quot;}\">Education, paix, \u00e9conomie, diplomatie : le chef de l\u2019Etat mauritanien Mohamed Ould Cheikh El Ghazouani, dont la pr\u00e9sidence en exercice de l\u2019Union africaine s\u2019ach\u00e8ve ce mois de f\u00e9vrier, aura \u00e9t\u00e9 sur tous ces fronts pour porter la voix du continent, selon l\u2019Agence mauritanienne d\u2019infirmation (AMI)<\/p>\n<div class=\"intra-article-module\" data-t=\"{&quot;n&quot;:&quot;intraArticle&quot;,&quot;t&quot;:13}\">\n<div class=\"articlePageIntraArticleFullWidth ad-slot-placeholder left-image-intra-ad collapsed\" data-ad-index=\"0\">\n<div class=\"intra-article-ad-full left-image-intra-ad\"><\/div>\n<\/div>\n<\/div>\n<p data-t=\"{&quot;n&quot;:&quot;blueLinks&quot;}\">L\u2019agence mauritanienne d\u2019information signale que d\u00e8s son discours d\u2019investiture \u00e0 la Pr\u00e9sidence de l\u2019organisation continentale, en f\u00e9vrier 2024, Mohamed Ould Cheikh El Ghazouani avait \u2018\u2019clairement identifi\u00e9 les probl\u00e8mes majeurs dont souffre l\u2019Afrique\u2019\u2019.<\/p>\n<p data-t=\"{&quot;n&quot;:&quot;blueLinks&quot;}\">En mati\u00e8re d\u2019\u00e9ducation, la capitale, Nouakchott, a accueilli un sommet, auquel ont particip\u00e9 un certain nombre de pr\u00e9sidents africains, des dizaines de ministres concern\u00e9s par l\u2019\u00e9ducation sur le continent, ainsi que des experts du domaine et des partenaires au d\u00e9veloppement, rappelle l\u2019AMI.<\/p>\n<p class=\"continue-read-break\" data-t=\"{&quot;n&quot;:&quot;blueLinks&quot;}\">Selon l\u2019agence officielle, ce sommet a abouti \u00e0 un diagnostic pr\u00e9cis de la r\u00e9alit\u00e9 de l\u2019\u00e9ducation et de ses d\u00e9fis, et a propos\u00e9 des solutions pour la faire progresser, ce qui permettra \u00e0 l\u2019Union africaine de commencer \u00e0 l\u2019avenir \u00e0 mettre en \u0153uvre ces solutions, afin de construire un continent \u00e9duqu\u00e9.<\/p>\n<p data-t=\"{&quot;n&quot;:&quot;blueLinks&quot;}\">Concernant le dossier de la paix et de la stabilit\u00e9, le pr\u00e9sident en exercice de l\u2019Union Africaine, a effectu\u00e9 une visite dans la capitale libyenne, Tripoli, au cours de laquelle il a rencontr\u00e9 diverses parties libyennes et re\u00e7u d\u2019autres parties au Palais pr\u00e9sidentiel \u00e0 Nouakchott, dans le cadre des efforts visant \u00e0 mettre fin \u00e0 l\u2019instabilit\u00e9 dans ce pays pivot de l\u2019Afrique du Nord, o\u00f9 la situation a, par ailleurs, des r\u00e9percussions directes sur les pays du Sahel africain.<\/p>\n<div class=\"intra-article-module\" data-t=\"{&quot;n&quot;:&quot;intraArticle&quot;,&quot;t&quot;:13}\">\n<div class=\"articlePageIntraArticleFullWidth ad-slot-placeholder left-image-intra-ad collapsed\" data-ad-index=\"1\">\n<div class=\"intra-article-ad-full left-image-intra-ad\"><\/div>\n<\/div>\n<\/div>\n<p data-t=\"{&quot;n&quot;:&quot;blueLinks&quot;}\">Selon l\u2019AMI, \u2018\u2019le dossier libyen a connu une \u00e9volution remarquable au niveau de l\u2019Union africaine pendant la pr\u00e9sidence mauritanienne, apr\u00e8s que les discussions \u00e0 son sujet se soient quasiment confin\u00e9es aux Nations unies et \u00e0 certaines capitales occidentales\u2019\u2019.<\/p>\n<p data-t=\"{&quot;n&quot;:&quot;blueLinks&quot;}\">Elle souligne que \u2018\u2019cette nouvelle dynamique a jou\u00e9 un r\u00f4le important en donnant \u00e0 l\u2019Afrique la confiance n\u00e9cessaire pour r\u00e9soudre ses probl\u00e8mes par elle-m\u00eame, sans recourir \u00e0 un m\u00e9diateur ou \u00e0 quelqu\u2019un agissant en son nom. Les Nations Unies semblent avoir accept\u00e9 cet \u00e9tat de fait, puisque son secr\u00e9taire g\u00e9n\u00e9ral, Antonio Guterres, a nomm\u00e9 la diplomate ghan\u00e9enne Hannah Serwaa Tetteh comme envoy\u00e9e sp\u00e9ciale en Libye\u2019\u2019.<\/p>\n<p data-t=\"{&quot;n&quot;:&quot;blueLinks&quot;}\">Nouakchott a \u00e9galement abrit\u00e9 une conf\u00e9rence sur la crise soudanaise, et le Pr\u00e9sident de la R\u00e9publique a re\u00e7u le commandant de l\u2019arm\u00e9e et pr\u00e9sident du Conseil de souverainet\u00e9 de transition soudanais, Abdel Fattah Al-Burhan, rel\u00e8ve l\u2019AMI.<\/p>\n<div class=\"intra-article-module\" data-t=\"{&quot;n&quot;:&quot;intraArticle&quot;,&quot;t&quot;:13}\">\n<div class=\"articlePageIntraArticleFullWidth ad-slot-placeholder left-image-intra-ad collapsed\" data-ad-index=\"2\">\n<div class=\"intra-article-ad-full left-image-intra-ad\"><\/div>\n<\/div>\n<\/div>\n<p data-t=\"{&quot;n&quot;:&quot;blueLinks&quot;}\">Sur la crise \u00e0 l\u2019Est de la R\u00e9publique d\u00e9mocratique du Congo entre les rebelles du M23 et l\u2019arm\u00e9e congolaise, le Pr\u00e9sident a fermement appel\u00e9 \u00e0 un cessez-le-feu et \u00e0 la recherche d\u2019une solution pacifique. Le Conseil africain de paix et de s\u00e9curit\u00e9 a pris l\u2019initiative de tenir une r\u00e9union consacr\u00e9e \u00e0 la discussion de la crise congolaise.<\/p>\n<p data-t=\"{&quot;n&quot;:&quot;blueLinks&quot;}\">Durant la pr\u00e9sidence mauritanienne de l\u2019UA, un sommet sur l\u2019\u00e9conomie africaine s\u2019est tenu \u00e0 Abidjan. La Tanzanie a accueilli un sommet sur l\u2019\u00e9nergie.<\/p>\n<p data-t=\"{&quot;n&quot;:&quot;blueLinks&quot;}\">Sur le plan diplomatique, le Pr\u00e9sident en exercice de l\u2019UA a particip\u00e9 \u00e0 de nombreux sommets et r\u00e9unions onusiennes et internationales, o\u00f9 il a d\u00e9fendu avec force la n\u00e9cessit\u00e9 de rendre justice \u00e0 l\u2019Afrique et de renforcer la coop\u00e9ration avec elle.<\/p>\n<p data-t=\"{&quot;n&quot;:&quot;blueLinks&quot;}\">Selon l\u2019AMI, \u2018\u2019la pr\u00e9sidence mauritanienne de l\u2019Union africaine n\u2019a pas \u00e9t\u00e9 \u00e9ph\u00e9m\u00e8re, mais a plut\u00f4t laiss\u00e9 un grand impact et un h\u00e9ritage important de performances et de r\u00e9alisations au profit d\u2019un continent qui m\u00e9rite mieux que sa r\u00e9alit\u00e9 actuelle et qui dispose de la capacit\u00e9 d\u2019y parvenir\u2019\u2019.<\/p>\n<p data-t=\"{&quot;n&quot;:&quot;blueLinks&quot;}\"><a href=\"https:\/\/www.msn.com\/fr-xl\/afrique-de-l-ouest\/other\/afrique-mauritanie-ua-education-paix-%C3%A9conomie-diplomatie-les-initiatives-de-la-pr%C3%A9sidence-mauritanienne-de-l-ua\/ar-AA1yChy8?ocid=msedgdhp&amp;pc=U531&amp;cvid=4092a50936444b89d39feeabdc952382&amp;ei=30\">AFRIQUE-MAURITANIE-UA \/ Education, paix, \u00e9conomie, diplomatie : les initiatives de la pr\u00e9sidence mauritanienne de l\u2019UA<\/a><\/p>\n","protected":false},"excerpt":{"rendered":"<p>Education, paix, \u00e9conomie, diplomatie : le chef de l\u2019Etat mauritanien Mohamed Ould Cheikh El Ghazouani, dont la pr\u00e9sidence en exercice de l\u2019Union africaine s\u2019ach\u00e8ve ce mois de f\u00e9vrier, aura \u00e9t\u00e9 sur tous ces fronts pour porter la voix du continent, selon l\u2019Agence mauritanienne d\u2019infirmation (AMI) L\u2019agence mauritanienne d\u2019information signale que d\u00e8s son discours d\u2019investiture \u00e0 &hellip;<\/p>\n","protected":false},"author":2,"featured_media":13959,"comment_status":"open","ping_status":"open","sticky":false,"template":"","format":"standard","meta":{"footnotes":""},"categories":[18,29],"tags":[],"class_list":["post-13958","post","type-post","status-publish","format-standard","has-post-thumbnail","hentry","category-actualites","category-monde"],"_links":{"self":[{"href":"https:\/\/ladepeche.mr\/index.php?rest_route=\/wp\/v2\/posts\/13958","targetHints":{"allow":["GET"]}}],"collection":[{"href":"https:\/\/ladepeche.mr\/index.php?rest_route=\/wp\/v2\/posts"}],"about":[{"href":"https:\/\/ladepeche.mr\/index.php?rest_route=\/wp\/v2\/types\/post"}],"author":[{"embeddable":true,"href":"https:\/\/ladepeche.mr\/index.php?rest_route=\/wp\/v2\/users\/2"}],"replies":[{"embeddable":true,"href":"https:\/\/ladepeche.mr\/index.php?rest_route=%2Fwp%2Fv2%2Fcomments&post=13958"}],"version-history":[{"count":1,"href":"https:\/\/ladepeche.mr\/index.php?rest_route=\/wp\/v2\/posts\/13958\/revisions"}],"predecessor-version":[{"id":13960,"href":"https:\/\/ladepeche.mr\/index.php?rest_route=\/wp\/v2\/posts\/13958\/revisions\/13960"}],"wp:featuredmedia":[{"embeddable":true,"href":"https:\/\/ladepeche.mr\/index.php?rest_route=\/wp\/v2\/media\/13959"}],"wp:attachment":[{"href":"https:\/\/ladepeche.mr\/index.php?rest_route=%2Fwp%2Fv2%2Fmedia&parent=13958"}],"wp:term":[{"taxonomy":"category","embeddable":true,"href":"https:\/\/ladepeche.mr\/index.php?rest_route=%2Fwp%2Fv2%2Fcategories&post=13958"},{"taxonomy":"post_tag","embeddable":true,"href":"https:\/\/ladepeche.mr\/index.php?rest_route=%2Fwp%2Fv2%2Ftags&post=13958"}],"curies":[{"name":"wp","href":"https:\/\/api.w.org\/{rel}","templated":true}]}}