{"id":13961,"date":"2025-02-09T23:45:26","date_gmt":"2025-02-09T23:45:26","guid":{"rendered":"https:\/\/ladepeche.mr\/?p=13961"},"modified":"2025-02-09T23:18:29","modified_gmt":"2025-02-09T23:18:29","slug":"la-mauritanie-condamne-les-declarations-irresponsables-disrael-a-legard-de-larabie-saoudite","status":"publish","type":"post","link":"https:\/\/ladepeche.mr\/?p=13961","title":{"rendered":"La Mauritanie condamne les d\u00e9clarations irresponsables d\u2019Isra\u00ebl \u00e0 l\u2019\u00e9gard de l\u2019Arabie saoudite"},"content":{"rendered":"<p>La R\u00e9publique islamique de Mauritanie a condamn\u00e9 les d\u00e9clarations irresponsables d\u2019Isra\u00ebl \u00e0 l\u2019\u00e9gard du Royaume d\u2019Arabie saoudite, les consid\u00e9rant comme une violation inacceptable des normes et des lois internationales, et une provocation qui menace la s\u00e9curit\u00e9 et la stabilit\u00e9 de la r\u00e9gion.<\/p>\n<p>C\u2019est ce qui ressort d\u2019un communiqu\u00e9 publi\u00e9 dimanche par le minist\u00e8re des Affaires \u00e9trang\u00e8res, de la Coop\u00e9ration africaine et des Mauritaniens de l\u2019\u00e9tranger, dont une copie a \u00e9t\u00e9 re\u00e7ue par l\u2019Agence mauritanienne d\u2019Information.<\/p>\n<p>Dans sa d\u00e9claration, le minist\u00e8re a d\u00e9clar\u00e9 la pleine solidarit\u00e9 de la Mauritanie avec le Royaume d\u2019Arabie saoudite et son soutien \u00e0 sa souverainet\u00e9 et \u00e0 sa s\u00e9curit\u00e9.<\/p>\n<p>La d\u00e9claration a r\u00e9it\u00e9r\u00e9 la position ferme de la Mauritanie en faveur de la cause palestinienne et son soutien au droit du peuple palestinien \u00e0 \u00e9tablir son \u00c9tat ind\u00e9pendant sur les fronti\u00e8res de 1967, avec El Qods-Est comme capitale, conform\u00e9ment aux r\u00e9solutions de la l\u00e9gitimit\u00e9 internationale et de l\u2019Initiative de paix arabe.<\/p>\n<p>La d\u00e9claration a appel\u00e9 la communaut\u00e9 internationale \u00e0 adopter une position ferme contre ces d\u00e9clarations provocatrices, afin de pr\u00e9server la stabilit\u00e9 de la r\u00e9gion et de respecter les principes du droit international.<\/p>\n<p>Ami<\/p>\n","protected":false},"excerpt":{"rendered":"<p>La R\u00e9publique islamique de Mauritanie a condamn\u00e9 les d\u00e9clarations irresponsables d\u2019Isra\u00ebl \u00e0 l\u2019\u00e9gard du Royaume d\u2019Arabie saoudite, les consid\u00e9rant comme une violation inacceptable des normes et des lois internationales, et une provocation qui menace la s\u00e9curit\u00e9 et la stabilit\u00e9 de la r\u00e9gion. C\u2019est ce qui ressort d\u2019un communiqu\u00e9 publi\u00e9 dimanche par le minist\u00e8re des Affaires &hellip;<\/p>\n","protected":false},"author":2,"featured_media":3804,"comment_status":"open","ping_status":"open","sticky":false,"template":"","format":"standard","meta":{"footnotes":""},"categories":[18,29],"tags":[],"class_list":["post-13961","post","type-post","status-publish","format-standard","has-post-thumbnail","hentry","category-actualites","category-monde"],"_links":{"self":[{"href":"https:\/\/ladepeche.mr\/index.php?rest_route=\/wp\/v2\/posts\/13961","targetHints":{"allow":["GET"]}}],"collection":[{"href":"https:\/\/ladepeche.mr\/index.php?rest_route=\/wp\/v2\/posts"}],"about":[{"href":"https:\/\/ladepeche.mr\/index.php?rest_route=\/wp\/v2\/types\/post"}],"author":[{"embeddable":true,"href":"https:\/\/ladepeche.mr\/index.php?rest_route=\/wp\/v2\/users\/2"}],"replies":[{"embeddable":true,"href":"https:\/\/ladepeche.mr\/index.php?rest_route=%2Fwp%2Fv2%2Fcomments&post=13961"}],"version-history":[{"count":1,"href":"https:\/\/ladepeche.mr\/index.php?rest_route=\/wp\/v2\/posts\/13961\/revisions"}],"predecessor-version":[{"id":13962,"href":"https:\/\/ladepeche.mr\/index.php?rest_route=\/wp\/v2\/posts\/13961\/revisions\/13962"}],"wp:featuredmedia":[{"embeddable":true,"href":"https:\/\/ladepeche.mr\/index.php?rest_route=\/wp\/v2\/media\/3804"}],"wp:attachment":[{"href":"https:\/\/ladepeche.mr\/index.php?rest_route=%2Fwp%2Fv2%2Fmedia&parent=13961"}],"wp:term":[{"taxonomy":"category","embeddable":true,"href":"https:\/\/ladepeche.mr\/index.php?rest_route=%2Fwp%2Fv2%2Fcategories&post=13961"},{"taxonomy":"post_tag","embeddable":true,"href":"https:\/\/ladepeche.mr\/index.php?rest_route=%2Fwp%2Fv2%2Ftags&post=13961"}],"curies":[{"name":"wp","href":"https:\/\/api.w.org\/{rel}","templated":true}]}}