{"id":13963,"date":"2025-02-10T09:49:38","date_gmt":"2025-02-10T09:49:38","guid":{"rendered":"https:\/\/ladepeche.mr\/?p=13963"},"modified":"2025-02-10T09:50:12","modified_gmt":"2025-02-10T09:50:12","slug":"13963","status":"publish","type":"post","link":"https:\/\/ladepeche.mr\/?p=13963","title":{"rendered":"Maroc-Irak: Un nouvel \u00e9lan aux relations bilat\u00e9rales"},"content":{"rendered":"<p>Sur invitation du ministre marocain des affaires \u00e9trang\u00e8res, Mr. Nasser Bourita, le chef de la diplomatie irakienne, Fuad Hussein, a effectu\u00e9, du 05 au 09 f\u00e9vrier, une visite officielle au Royaume, la premi\u00e8re du genre au niveau bilat\u00e9ral depuis la prise de ses fonctions.<\/p>\n<p>Cette premi\u00e8re visite de SEM Fuad Hussein marque une \u00e9tape importante pour imprimer une nouvelle dynamique aux relations maroco-irakiennes, avec un accent particulier sur les partenariats \u00e9conomiques, la coop\u00e9ration diplomatique et la coordination sur les questions r\u00e9gionales.<\/p>\n<p>Lors d\u2019un point de presse tenu samedi, le vice-pr\u00e9sident du Conseil des ministres, ministre irakien des Affaires \u00e9trang\u00e8res, Fuad Hussein, a r\u00e9it\u00e9r\u00e9 sa position constante de soutien \u00e0 l\u2019int\u00e9grit\u00e9 territoriale du Royaume, en se f\u00e9licitant de la dynamique internationale en faveur du Plan d\u2019autonomie pour le r\u00e8glement du diff\u00e9rent autour de la question du Sahara.<\/p>\n<p>Fuad Hussein a aussi affirm\u00e9 que la R\u00e9publique d&#8217;Irak loue les efforts constants du Souverain marocain pour la d\u00e9fense de la ville d&#8217;Al-Qods Acharif et la pr\u00e9servation de son identit\u00e9 civilisationnelle et de son statut en tant que symbole de tol\u00e9rance et de coexistence entre les religions.<\/p>\n<p>Le chef de la diplomatie irakienne a \u00e9galement salu\u00e9 l&#8217;appui de Sa Majest\u00e9 le Roi \u00e0 la r\u00e9sistance des Maqdessis, \u00e0 travers des projets \u00e0 caract\u00e8re humanitaire et social r\u00e9alis\u00e9s par l&#8217;Agence Bayt Mal Al-Qods Acharif, bras ex\u00e9cutif du Comit\u00e9 Al Qods.<\/p>\n<p>La dynamique qui s\u2019est d\u2019ailleurs illustr\u00e9e par la r\u00e9ouverture de l\u2019ambassade du Maroc en Irak, le 28 janvier 2023, apr\u00e8s une absence de 18 ans, constitue un signal fort de la volont\u00e9 du Maroc, sous la conduite \u00e9clair\u00e9e de Sa Majest\u00e9 le Roi Mohammed VI, de raffermir les relations entre les deux pays dans tous les domaines.<\/p>\n<p>C\u2019est dans ce sillage que les deux ministres sont convenus d\u2019organiser, dans les plus brefs d\u00e9lais, la premi\u00e8re session des concertations politiques, dans la perspective de tenir la commission mixte maroco-irakienne. Aussi, en ce qui concerne les volets \u00e9conomique et diplomatique, des initiatives comme l&#8217;exemption de visas pour les d\u00e9tenteurs de passeports diplomatiques et un futur forum \u00e9conomique visent \u00e0 stimuler les investissements et les \u00e9changes. Un projet de liaison a\u00e9rienne entre les deux pays est \u00e9galement envisag\u00e9e.<\/p>\n<p>Concernant les positions r\u00e9gionales communes, les deux parties partagent une vision convergente au sujet de la situation en Syrie et la n\u00e9cessit\u00e9 de pr\u00e9server son int\u00e9grit\u00e9 territoriale. Elles r\u00e9affirment \u00e9galement leur soutien au droit du peuple palestinien \u00e0 un \u00c9tat ind\u00e9pendant avec Al-Qods-Est comme capitale.<\/p>\n<p>Ces r\u00e9centes d\u00e9clarations et initiatives entre le Maroc et l\u2019Irak laissent pr\u00e9sager une coop\u00e9ration strat\u00e9gique prometteuse \u00e0 l\u2019avenir.<\/p>\n<p>(agences)<\/p>\n","protected":false},"excerpt":{"rendered":"<p>Sur invitation du ministre marocain des affaires \u00e9trang\u00e8res, Mr. Nasser Bourita, le chef de la diplomatie irakienne, Fuad Hussein, a effectu\u00e9, du 05 au 09 f\u00e9vrier, une visite officielle au Royaume, la premi\u00e8re du genre au niveau bilat\u00e9ral depuis la prise de ses fonctions. Cette premi\u00e8re visite de SEM Fuad Hussein marque une \u00e9tape importante &hellip;<\/p>\n","protected":false},"author":2,"featured_media":13964,"comment_status":"open","ping_status":"open","sticky":false,"template":"","format":"standard","meta":{"footnotes":""},"categories":[18,29],"tags":[],"class_list":["post-13963","post","type-post","status-publish","format-standard","has-post-thumbnail","hentry","category-actualites","category-monde"],"_links":{"self":[{"href":"https:\/\/ladepeche.mr\/index.php?rest_route=\/wp\/v2\/posts\/13963","targetHints":{"allow":["GET"]}}],"collection":[{"href":"https:\/\/ladepeche.mr\/index.php?rest_route=\/wp\/v2\/posts"}],"about":[{"href":"https:\/\/ladepeche.mr\/index.php?rest_route=\/wp\/v2\/types\/post"}],"author":[{"embeddable":true,"href":"https:\/\/ladepeche.mr\/index.php?rest_route=\/wp\/v2\/users\/2"}],"replies":[{"embeddable":true,"href":"https:\/\/ladepeche.mr\/index.php?rest_route=%2Fwp%2Fv2%2Fcomments&post=13963"}],"version-history":[{"count":2,"href":"https:\/\/ladepeche.mr\/index.php?rest_route=\/wp\/v2\/posts\/13963\/revisions"}],"predecessor-version":[{"id":13966,"href":"https:\/\/ladepeche.mr\/index.php?rest_route=\/wp\/v2\/posts\/13963\/revisions\/13966"}],"wp:featuredmedia":[{"embeddable":true,"href":"https:\/\/ladepeche.mr\/index.php?rest_route=\/wp\/v2\/media\/13964"}],"wp:attachment":[{"href":"https:\/\/ladepeche.mr\/index.php?rest_route=%2Fwp%2Fv2%2Fmedia&parent=13963"}],"wp:term":[{"taxonomy":"category","embeddable":true,"href":"https:\/\/ladepeche.mr\/index.php?rest_route=%2Fwp%2Fv2%2Fcategories&post=13963"},{"taxonomy":"post_tag","embeddable":true,"href":"https:\/\/ladepeche.mr\/index.php?rest_route=%2Fwp%2Fv2%2Ftags&post=13963"}],"curies":[{"name":"wp","href":"https:\/\/api.w.org\/{rel}","templated":true}]}}