{"id":13967,"date":"2025-02-10T10:00:55","date_gmt":"2025-02-10T10:00:55","guid":{"rendered":"https:\/\/ladepeche.mr\/?p=13967"},"modified":"2025-02-10T09:52:54","modified_gmt":"2025-02-10T09:52:54","slug":"legypte-convoque-un-sommet-arabe-durgence-sur-la-question-palestinienne","status":"publish","type":"post","link":"https:\/\/ladepeche.mr\/?p=13967","title":{"rendered":"L&#8217;Egypte convoque un sommet arabe d&#8217;urgence sur la question palestinienne"},"content":{"rendered":"<p data-t=\"{&quot;n&quot;:&quot;blueLinks&quot;}\"><strong>La R\u00e9publique arabe d\u2019\u00c9gypte accueillera, le 27 f\u00e9vrier au Caire, un sommet arabe d\u2019urgence afin de discuter des derniers d\u00e9veloppements de la question palestinienne.<\/strong><\/p>\n<p data-t=\"{&quot;n&quot;:&quot;blueLinks&quot;}\">Selon l\u2019Agence de presse du Moyen-Orient (MENA), ce sommet, convoqu\u00e9 \u00e0 la demande de l\u2019\u00c9tat de Palestine, se tiendra apr\u00e8s \u00ab\u00a0une coordination avec le Royaume de Bahre\u00efn, qui assure actuellement la pr\u00e9sidence du Sommet arabe et le Secr\u00e9tariat g\u00e9n\u00e9ral de la Ligue des \u00c9tats arabes, et \u00e0 la suite de consultations men\u00e9es par l\u2019\u00c9gypte au plus haut niveau avec les pays arabes fr\u00e8res ces derniers jours \u00ab\u00a0.<\/p>\n","protected":false},"excerpt":{"rendered":"<p>La R\u00e9publique arabe d\u2019\u00c9gypte accueillera, le 27 f\u00e9vrier au Caire, un sommet arabe d\u2019urgence afin de discuter des derniers d\u00e9veloppements de la question palestinienne. Selon l\u2019Agence de presse du Moyen-Orient (MENA), ce sommet, convoqu\u00e9 \u00e0 la demande de l\u2019\u00c9tat de Palestine, se tiendra apr\u00e8s \u00ab\u00a0une coordination avec le Royaume de Bahre\u00efn, qui assure actuellement la &hellip;<\/p>\n","protected":false},"author":2,"featured_media":13968,"comment_status":"open","ping_status":"open","sticky":false,"template":"","format":"standard","meta":{"footnotes":""},"categories":[18,29],"tags":[],"class_list":["post-13967","post","type-post","status-publish","format-standard","has-post-thumbnail","hentry","category-actualites","category-monde"],"_links":{"self":[{"href":"https:\/\/ladepeche.mr\/index.php?rest_route=\/wp\/v2\/posts\/13967","targetHints":{"allow":["GET"]}}],"collection":[{"href":"https:\/\/ladepeche.mr\/index.php?rest_route=\/wp\/v2\/posts"}],"about":[{"href":"https:\/\/ladepeche.mr\/index.php?rest_route=\/wp\/v2\/types\/post"}],"author":[{"embeddable":true,"href":"https:\/\/ladepeche.mr\/index.php?rest_route=\/wp\/v2\/users\/2"}],"replies":[{"embeddable":true,"href":"https:\/\/ladepeche.mr\/index.php?rest_route=%2Fwp%2Fv2%2Fcomments&post=13967"}],"version-history":[{"count":1,"href":"https:\/\/ladepeche.mr\/index.php?rest_route=\/wp\/v2\/posts\/13967\/revisions"}],"predecessor-version":[{"id":13969,"href":"https:\/\/ladepeche.mr\/index.php?rest_route=\/wp\/v2\/posts\/13967\/revisions\/13969"}],"wp:featuredmedia":[{"embeddable":true,"href":"https:\/\/ladepeche.mr\/index.php?rest_route=\/wp\/v2\/media\/13968"}],"wp:attachment":[{"href":"https:\/\/ladepeche.mr\/index.php?rest_route=%2Fwp%2Fv2%2Fmedia&parent=13967"}],"wp:term":[{"taxonomy":"category","embeddable":true,"href":"https:\/\/ladepeche.mr\/index.php?rest_route=%2Fwp%2Fv2%2Fcategories&post=13967"},{"taxonomy":"post_tag","embeddable":true,"href":"https:\/\/ladepeche.mr\/index.php?rest_route=%2Fwp%2Fv2%2Ftags&post=13967"}],"curies":[{"name":"wp","href":"https:\/\/api.w.org\/{rel}","templated":true}]}}