{"id":1397,"date":"2022-08-05T10:49:22","date_gmt":"2022-08-05T10:49:22","guid":{"rendered":"https:\/\/ladepeche.mr\/?p=1397"},"modified":"2022-08-05T10:49:22","modified_gmt":"2022-08-05T10:49:22","slug":"session-parlementaire-2021-2022-les-deputes-el-insaf-contents-de-lattitude-du-gouvernement","status":"publish","type":"post","link":"https:\/\/ladepeche.mr\/?p=1397","title":{"rendered":"Session parlementaire 2021-2022\u00a0: Les d\u00e9put\u00e9s \u00ab\u00a0El Insaf\u00a0\u00bb contents de l\u2019attitude du gouvernement"},"content":{"rendered":"<p>Les d\u00e9put\u00e9s du parti \u00abEl Insaf\u00a0\u00bb (ex-UPR) ont exprim\u00e9, lors d\u2019une conf\u00e9rence de presse tenue jeudi \u00e0 l\u2019issue de la seconde session ordinaire de l\u2019Assembl\u00e9e nationale, \u00a0leur satisfaction pour \u00ab\u00a0le degr\u00e9 de r\u00e9ceptivit\u00e9 du gouvernement \u00e0 l\u2019\u00e9gard de l\u2019institution l\u00e9gislative, son engagement \u00e0 l\u2019\u00e9gard des exigences constitutionnelles r\u00e9gissant la relation du gouvernement avec le Parlement et sa volont\u00e9 d\u2019interagir continuellement avec les repr\u00e9sentants du peuple, conform\u00e9ment aux instructions de Son Excellence M. Mohamed Ould Cheikh Ghazouani\u00a0\u00bb.<\/p>\n<p>Le sentiment des d\u00e9put\u00e9s de la majorit\u00e9 \u00e9tait livr\u00e9 par le d\u00e9put\u00e9 Mohammed Lemine Ould Amar qui a \u00e9galement lou\u00e9 le bilan de la derni\u00e8re session marqu\u00e9e \u00ab\u00a0par la ratification de divers projets de loi, couvrant diff\u00e9rents secteurs et totalisant 17 projets de loi, dont certaines avaient fait l\u2019objet de modifications importantes, avec la participation de divers groupes parlementaires\u00a0\u00bb. Il a dans ce sens insist\u00e9 sur la loi de finances rectificative et son importance dans les d\u00e9caissements licites. Et le pr\u00e9sident du groupe parlementaire d\u2019ajouter que plusieurs questions orales ont \u00e9t\u00e9 adress\u00e9es aux membres du Gouvernement en conformit\u00e9 avec les vell\u00e9it\u00e9s de contr\u00f4le, de transparence et de lutte contre la corruption dont le pr\u00e9sident Ghazouani ferait son cheval de bataille.<\/p>\n<p>Le parti \u00abEl Insaf\u00a0\u00bb (ex-UPR) d\u00e9tient la majorit\u00e9 politique absolue \u00e0 l\u2019Assembl\u00e9e nationale depuis les derni\u00e8res \u00e9lections l\u00e9gislatives de 2018.<\/p>\n<p>&nbsp;<\/p>\n","protected":false},"excerpt":{"rendered":"<p>Les d\u00e9put\u00e9s du parti \u00abEl Insaf\u00a0\u00bb (ex-UPR) ont exprim\u00e9, lors d\u2019une conf\u00e9rence de presse tenue jeudi \u00e0 l\u2019issue de la seconde session ordinaire de l\u2019Assembl\u00e9e nationale, \u00a0leur satisfaction pour \u00ab\u00a0le degr\u00e9 de r\u00e9ceptivit\u00e9 du gouvernement \u00e0 l\u2019\u00e9gard de l\u2019institution l\u00e9gislative, son engagement \u00e0 l\u2019\u00e9gard des exigences constitutionnelles r\u00e9gissant la relation du gouvernement avec le Parlement &hellip;<\/p>\n","protected":false},"author":2,"featured_media":1399,"comment_status":"open","ping_status":"open","sticky":false,"template":"","format":"standard","meta":{"footnotes":""},"categories":[18],"tags":[],"class_list":["post-1397","post","type-post","status-publish","format-standard","has-post-thumbnail","hentry","category-actualites"],"_links":{"self":[{"href":"https:\/\/ladepeche.mr\/index.php?rest_route=\/wp\/v2\/posts\/1397","targetHints":{"allow":["GET"]}}],"collection":[{"href":"https:\/\/ladepeche.mr\/index.php?rest_route=\/wp\/v2\/posts"}],"about":[{"href":"https:\/\/ladepeche.mr\/index.php?rest_route=\/wp\/v2\/types\/post"}],"author":[{"embeddable":true,"href":"https:\/\/ladepeche.mr\/index.php?rest_route=\/wp\/v2\/users\/2"}],"replies":[{"embeddable":true,"href":"https:\/\/ladepeche.mr\/index.php?rest_route=%2Fwp%2Fv2%2Fcomments&post=1397"}],"version-history":[{"count":1,"href":"https:\/\/ladepeche.mr\/index.php?rest_route=\/wp\/v2\/posts\/1397\/revisions"}],"predecessor-version":[{"id":1400,"href":"https:\/\/ladepeche.mr\/index.php?rest_route=\/wp\/v2\/posts\/1397\/revisions\/1400"}],"wp:featuredmedia":[{"embeddable":true,"href":"https:\/\/ladepeche.mr\/index.php?rest_route=\/wp\/v2\/media\/1399"}],"wp:attachment":[{"href":"https:\/\/ladepeche.mr\/index.php?rest_route=%2Fwp%2Fv2%2Fmedia&parent=1397"}],"wp:term":[{"taxonomy":"category","embeddable":true,"href":"https:\/\/ladepeche.mr\/index.php?rest_route=%2Fwp%2Fv2%2Fcategories&post=1397"},{"taxonomy":"post_tag","embeddable":true,"href":"https:\/\/ladepeche.mr\/index.php?rest_route=%2Fwp%2Fv2%2Ftags&post=1397"}],"curies":[{"name":"wp","href":"https:\/\/api.w.org\/{rel}","templated":true}]}}