{"id":13978,"date":"2025-02-10T12:21:17","date_gmt":"2025-02-10T12:21:17","guid":{"rendered":"https:\/\/ladepeche.mr\/?p=13978"},"modified":"2025-02-10T12:21:17","modified_gmt":"2025-02-10T12:21:17","slug":"au-moins-25-morts-dans-une-attaque-dans-le-nord-du-mali","status":"publish","type":"post","link":"https:\/\/ladepeche.mr\/?p=13978","title":{"rendered":"Au moins 25 morts dans une attaque dans le nord du Mali"},"content":{"rendered":"<p data-t=\"{&quot;n&quot;:&quot;blueLinks&quot;}\"><strong>Des hommes arm\u00e9s ont attaqu\u00e9 un convoi de v\u00e9hicules, escort\u00e9s par l&#8217;arm\u00e9e malienne, tuant 25 civils, pour la plupart des orpailleurs.<\/strong><\/p>\n<div class=\"article-image-slot image-slot-placeholder\" data-doc-id=\"cms\/api\/amp\/image\/AA1yHtyU\">\n<div class=\"article-image-slot\">\n<div class=\"article-image-container polished\" data-t=\"{&quot;n&quot;:&quot;OpenModal&quot;,&quot;t&quot;:13,&quot;b&quot;:8,&quot;c.i&quot;:&quot;AA1yHdHU&quot;,&quot;c.l&quot;:false,&quot;c.t&quot;:13,&quot;c.v&quot;:&quot;news&quot;,&quot;c.c&quot;:&quot;others&quot;,&quot;c.b&quot;:&quot;Euronews fran\u00e7ais&quot;,&quot;c.bi&quot;:&quot;AA2qy7x&quot;,&quot;c.tv&quot;:&quot;crime&quot;,&quot;c.tc&quot;:&quot;general&quot;,&quot;c.hl&quot;:&quot;Au moins 25 morts dans une attaque dans le nord du Mali&quot;}\" data-test-id=\"AA1yHtyU\">\n<p data-t=\"{&quot;n&quot;:&quot;blueLinks&quot;}\"><strong>Des hommes arm\u00e9s ont attaqu\u00e9 un convoi de v\u00e9hicules, escort\u00e9s par l&#8217;arm\u00e9e malienne, tuant 25 civils, pour la plupart des orpailleurs.<\/strong><\/p>\n<p data-t=\"{&quot;n&quot;:&quot;blueLinks&quot;}\">L&#8217;attaque a eu lieu ce vendredi \u00e0 environ 30 kilom\u00e8tres de\u00a0<strong>Gao, la plus grande ville du nord-est du pays<\/strong>. Dans cette zone, des groupes arm\u00e9s hostiles \u00e0 la junte au pouvoir s\u00e9vissent. Le bilan fait \u00e9tat de\u00a0<strong>25 morts.<\/strong><\/p>\n<p class=\"continue-read-break\" data-t=\"{&quot;n&quot;:&quot;blueLinks&quot;}\">Les assaillants ont pris pour cible un convoi d&#8217;une soixantaine de v\u00e9hicules escort\u00e9s par l&#8217;arm\u00e9e, a indiqu\u00e9 le porte-parole de l\u2019arm\u00e9e, le colonel major Souleymane Demb\u00e9l\u00e9. Il a ajout\u00e9 que les soldats ont aid\u00e9 les victimes et transf\u00e9r\u00e9 13 bless\u00e9s \u00e0 l&#8217;h\u00f4pital de Gao et que quatre des assaillants avaient \u00e9t\u00e9 bless\u00e9s. Aucune information sur d&#8217;\u00e9ventuelles pertes dans les rangs de l&#8217;arm\u00e9e n\u2019a \u00e9t\u00e9 communiqu\u00e9e.<\/p>\n<p data-t=\"{&quot;n&quot;:&quot;blueLinks&quot;}\"><em>\u201cMa s\u0153ur a surv\u00e9cu \u00e0 l&#8217;attaque, mais elle est en \u00e9tat de choc mental. Elle a vu beaucoup de morts et de bless\u00e9s, toute une sc\u00e8ne d&#8217;horreur. C&#8217;\u00e9tait la premi\u00e8re fois qu&#8217;elle voyait des morts\u201d<\/em>, a d\u00e9clar\u00e9 un habitant de Gao, qui s&#8217;est exprim\u00e9 sous couvert d&#8217;anonymat pour sa propre s\u00e9curit\u00e9.<\/p>\n<h2 class=\"article-sub-heading\">Le Mali en crise depuis plus de 10 ans<\/h2>\n<p data-t=\"{&quot;n&quot;:&quot;blueLinks&quot;}\">Pour l\u2019heure, aucun groupe arm\u00e9 n&#8217;a revendiqu\u00e9 l&#8217;attaque. Ils sont nombreux \u00e0 op\u00e9rer dans la r\u00e9gion, le groupe\u00a0<strong>\u00c9tat islamique, le JNIM li\u00e9 \u00e0 Al-Qa\u00efda et d&#8217;autres groupes de la r\u00e9gion de l&#8217;Azawad<\/strong>\u00a0hostiles au r\u00e9gime militaire malien.<\/p>\n<p data-t=\"{&quot;n&quot;:&quot;blueLinks&quot;}\">Les militaires ont pris le pouvoir en 2020, profitant de l&#8217;<strong>impopularit\u00e9 de l&#8217;ancien gouvernement<\/strong>\u00a0d\u00e9mocratiquement \u00e9lu, mais les nouveaux dirigeants ont d\u00fb faire face \u00e0 des\u00a0<strong>attaques meurtri\u00e8res<\/strong>.<\/p>\n<p data-t=\"{&quot;n&quot;:&quot;blueLinks&quot;}\">Cette derni\u00e8re attaque en date est\u00a0<strong>la plus meurtri\u00e8re<\/strong> depuis le d\u00e9but de l\u2019ann\u00e9e 2025. https:\/\/www.msn.com\/<\/p>\n<\/div>\n<\/div>\n<\/div>\n","protected":false},"excerpt":{"rendered":"<p>Des hommes arm\u00e9s ont attaqu\u00e9 un convoi de v\u00e9hicules, escort\u00e9s par l&#8217;arm\u00e9e malienne, tuant 25 civils, pour la plupart des orpailleurs. Des hommes arm\u00e9s ont attaqu\u00e9 un convoi de v\u00e9hicules, escort\u00e9s par l&#8217;arm\u00e9e malienne, tuant 25 civils, pour la plupart des orpailleurs. L&#8217;attaque a eu lieu ce vendredi \u00e0 environ 30 kilom\u00e8tres de\u00a0Gao, la plus &hellip;<\/p>\n","protected":false},"author":2,"featured_media":13979,"comment_status":"open","ping_status":"open","sticky":false,"template":"","format":"standard","meta":{"footnotes":""},"categories":[18,29],"tags":[],"class_list":["post-13978","post","type-post","status-publish","format-standard","has-post-thumbnail","hentry","category-actualites","category-monde"],"_links":{"self":[{"href":"https:\/\/ladepeche.mr\/index.php?rest_route=\/wp\/v2\/posts\/13978","targetHints":{"allow":["GET"]}}],"collection":[{"href":"https:\/\/ladepeche.mr\/index.php?rest_route=\/wp\/v2\/posts"}],"about":[{"href":"https:\/\/ladepeche.mr\/index.php?rest_route=\/wp\/v2\/types\/post"}],"author":[{"embeddable":true,"href":"https:\/\/ladepeche.mr\/index.php?rest_route=\/wp\/v2\/users\/2"}],"replies":[{"embeddable":true,"href":"https:\/\/ladepeche.mr\/index.php?rest_route=%2Fwp%2Fv2%2Fcomments&post=13978"}],"version-history":[{"count":1,"href":"https:\/\/ladepeche.mr\/index.php?rest_route=\/wp\/v2\/posts\/13978\/revisions"}],"predecessor-version":[{"id":13980,"href":"https:\/\/ladepeche.mr\/index.php?rest_route=\/wp\/v2\/posts\/13978\/revisions\/13980"}],"wp:featuredmedia":[{"embeddable":true,"href":"https:\/\/ladepeche.mr\/index.php?rest_route=\/wp\/v2\/media\/13979"}],"wp:attachment":[{"href":"https:\/\/ladepeche.mr\/index.php?rest_route=%2Fwp%2Fv2%2Fmedia&parent=13978"}],"wp:term":[{"taxonomy":"category","embeddable":true,"href":"https:\/\/ladepeche.mr\/index.php?rest_route=%2Fwp%2Fv2%2Fcategories&post=13978"},{"taxonomy":"post_tag","embeddable":true,"href":"https:\/\/ladepeche.mr\/index.php?rest_route=%2Fwp%2Fv2%2Ftags&post=13978"}],"curies":[{"name":"wp","href":"https:\/\/api.w.org\/{rel}","templated":true}]}}