{"id":13985,"date":"2025-02-10T12:58:56","date_gmt":"2025-02-10T12:58:56","guid":{"rendered":"https:\/\/ladepeche.mr\/?p=13985"},"modified":"2025-02-10T12:58:56","modified_gmt":"2025-02-10T12:58:56","slug":"senegal-mauritanie-les-marines-renforcent-leur-cooperation","status":"publish","type":"post","link":"https:\/\/ladepeche.mr\/?p=13985","title":{"rendered":"S\u00e9n\u00e9gal\/Mauritanie : les marines renforcent leur coop\u00e9ration"},"content":{"rendered":"<p>Les forces navales du S\u00e9n\u00e9gal et de la Mauritanie ont men\u00e9 leur deuxi\u00e8me patrouille maritime conjointe, baptis\u00e9e \u00ab MUSTARAKA \u00bb, les 7 et 8 f\u00e9vrier, soulignant la volont\u00e9 des deux pays de renforcer leur coop\u00e9ration en mati\u00e8re de s\u00e9curit\u00e9 maritime.<\/p>\n<p>L\u2019op\u00e9ration entre les marines s\u00e9n\u00e9galaise et mauritanienne, dont le nom \u00ab MUSTARAKA \u00bb signifie \u00ab conjointe \u00bb en arabe, s\u2019inscrit dans le cadre d\u2019une strat\u00e9gie commune de surveillance des eaux territoriales partag\u00e9es entre les deux nations voisines. Elle fait suite \u00e0 une premi\u00e8re \u00e9dition r\u00e9ussie en ao\u00fbt 2024.<\/p>\n<p>\u00ab\u00a0<em>Cette activit\u00e9 de coop\u00e9ration op\u00e9rationnelle vise \u00e0 faire face aux d\u00e9fis maritimes communs<\/em>\u00a0\u00bb, a pr\u00e9cis\u00e9 la Marine nationale s\u00e9n\u00e9galaise lors du lancement de ces patrouilles conjointes. Les op\u00e9rations se d\u00e9roulent \u00ab\u00a0<em>dans toute la profondeur de la zone maritime frontali\u00e8re<\/em>\u00a0\u00bb entre les deux pays.<\/p>\n<p>L\u2019exercice intervient dans un contexte r\u00e9gional marqu\u00e9 par des d\u00e9fis croissants en mati\u00e8re de s\u00e9curit\u00e9 maritime, notamment contre la p\u00eache ill\u00e9gale, le trafic de drogue et la piraterie dans les eaux ouest-africaines.<\/p>\n<p>Cette deuxi\u00e8me \u00e9dition de \u00ab MUSTARAKA \u00bb t\u00e9moigne de la d\u00e9termination des deux pays \u00e0 consolider leur partenariat op\u00e9rationnel pour une meilleure s\u00e9curisation de leur espace maritime commun.<\/p>\n<p><strong>AC\/Sf\/APA<\/strong><\/p>\n","protected":false},"excerpt":{"rendered":"<p>Les forces navales du S\u00e9n\u00e9gal et de la Mauritanie ont men\u00e9 leur deuxi\u00e8me patrouille maritime conjointe, baptis\u00e9e \u00ab MUSTARAKA \u00bb, les 7 et 8 f\u00e9vrier, soulignant la volont\u00e9 des deux pays de renforcer leur coop\u00e9ration en mati\u00e8re de s\u00e9curit\u00e9 maritime. L\u2019op\u00e9ration entre les marines s\u00e9n\u00e9galaise et mauritanienne, dont le nom \u00ab MUSTARAKA \u00bb signifie \u00ab &hellip;<\/p>\n","protected":false},"author":2,"featured_media":13986,"comment_status":"open","ping_status":"open","sticky":false,"template":"","format":"standard","meta":{"footnotes":""},"categories":[18,29],"tags":[],"class_list":["post-13985","post","type-post","status-publish","format-standard","has-post-thumbnail","hentry","category-actualites","category-monde"],"_links":{"self":[{"href":"https:\/\/ladepeche.mr\/index.php?rest_route=\/wp\/v2\/posts\/13985","targetHints":{"allow":["GET"]}}],"collection":[{"href":"https:\/\/ladepeche.mr\/index.php?rest_route=\/wp\/v2\/posts"}],"about":[{"href":"https:\/\/ladepeche.mr\/index.php?rest_route=\/wp\/v2\/types\/post"}],"author":[{"embeddable":true,"href":"https:\/\/ladepeche.mr\/index.php?rest_route=\/wp\/v2\/users\/2"}],"replies":[{"embeddable":true,"href":"https:\/\/ladepeche.mr\/index.php?rest_route=%2Fwp%2Fv2%2Fcomments&post=13985"}],"version-history":[{"count":1,"href":"https:\/\/ladepeche.mr\/index.php?rest_route=\/wp\/v2\/posts\/13985\/revisions"}],"predecessor-version":[{"id":13987,"href":"https:\/\/ladepeche.mr\/index.php?rest_route=\/wp\/v2\/posts\/13985\/revisions\/13987"}],"wp:featuredmedia":[{"embeddable":true,"href":"https:\/\/ladepeche.mr\/index.php?rest_route=\/wp\/v2\/media\/13986"}],"wp:attachment":[{"href":"https:\/\/ladepeche.mr\/index.php?rest_route=%2Fwp%2Fv2%2Fmedia&parent=13985"}],"wp:term":[{"taxonomy":"category","embeddable":true,"href":"https:\/\/ladepeche.mr\/index.php?rest_route=%2Fwp%2Fv2%2Fcategories&post=13985"},{"taxonomy":"post_tag","embeddable":true,"href":"https:\/\/ladepeche.mr\/index.php?rest_route=%2Fwp%2Fv2%2Ftags&post=13985"}],"curies":[{"name":"wp","href":"https:\/\/api.w.org\/{rel}","templated":true}]}}