{"id":13988,"date":"2025-02-10T14:00:21","date_gmt":"2025-02-10T14:00:21","guid":{"rendered":"https:\/\/ladepeche.mr\/?p=13988"},"modified":"2025-02-10T13:09:59","modified_gmt":"2025-02-10T13:09:59","slug":"union-africaine-la-mauritanie-acheve-sa-presidence-avec-un-bilan-marque-par-la-mediation-des-conflits","status":"publish","type":"post","link":"https:\/\/ladepeche.mr\/?p=13988","title":{"rendered":"Union Africaine : la Mauritanie ach\u00e8ve sa pr\u00e9sidence avec un bilan marqu\u00e9 par la m\u00e9diation des conflits"},"content":{"rendered":"<p><span class=\"chapeau\">Apr\u00e8s un an \u00e0 la t\u00eate de l\u2019UA, Mohamed Ould Cheikh El Ghazouani laisse une organisation renforc\u00e9e dans son r\u00f4le de m\u00e9diateur continental. De la crise soudanaise aux tensions en RDC, la pr\u00e9sidence mauritanienne a multipli\u00e9 les initiatives diplomatiques.<\/span><\/p>\n<p>\u00c9lue en f\u00e9vrier 2024 \u00e0 la\u00a0<a href=\"https:\/\/www.afrik.com\/la-mauritanie-a-la-tete-de-l-union-africaine-dans-une-periode-d-evolution-de-l-institution\" target=\"_blank\" rel=\"noopener\">pr\u00e9sidence tournante de l\u2019Union africaine (UA), la Mauritanie<\/a>\u00a0succ\u00e9dait alors au Comores dans un contexte marqu\u00e9 par la multiplication des crises sur le continent. Cette d\u00e9signation, fruit d\u2019un consensus au sein de l\u2019Afrique du Nord, r\u00e9compensait les efforts de stabilisation men\u00e9s par Nouakchott dans la r\u00e9gion sah\u00e9lienne.<br \/>\n\u00ab\u00a0Notre continent fait face \u00e0 des d\u00e9fis sans pr\u00e9c\u00e9dent qui exigent des r\u00e9ponses coordonn\u00e9es et innovantes\u00a0\u00bb, d\u00e9clarait Mohamed Ould Cheikh El Ghazouani lors de son discours d\u2019investiture \u00e0 Addis-Abeba. Une feuille de route ambitieuse \u00e9tait alors d\u00e9voil\u00e9e, articul\u00e9e autour de quatre priorit\u00e9s : l\u2019\u00e9ducation, la r\u00e9solution des conflits, la gestion des ressources naturelles et la s\u00e9curit\u00e9 alimentaire.<\/p>\n<div class=\"td-a-rec td-a-rec-id-content_inline_mob \">\n<h2>L\u2019\u00e9ducation au c\u0153ur des pr\u00e9occupations<\/h2>\n<p>Le sommet de Nouakchott sur l\u2019\u00e9ducation, tenu en juillet 2024, a marqu\u00e9 un tournant. \u00ab\u00a0Nous ne pouvons plus accepter que 60% de nos jeunes n\u2019aient pas acc\u00e8s \u00e0 une formation qualifiante\u00a0\u00bb, soulignait alors de nombreuses voix. Le sommet a d\u00e9bouch\u00e9 sur l\u2019adoption d\u2019un plan quinquennal pr\u00e9voyant notamment la cr\u00e9ation d\u2019un fonds panafricain pour l\u2019\u00e9ducation dot\u00e9 de 2 milliards de dollars.<\/p>\n<p>La pr\u00e9sidence mauritanienne s\u2019est distingu\u00e9e par son engagement dans la r\u00e9solution des conflits. \u00c0 Nouakchott, une conf\u00e9rence internationale sur le\u00a0<a href=\"https:\/\/www.afrik.com\/soudan\" target=\"_blank\" rel=\"noopener\">Soudan<\/a>\u00a0a r\u00e9uni en octobre 2024 les principales factions bellig\u00e9rantes, aboutissant \u00e0 un accord de principe pour un couloir humanitaire. En RDC, l\u2019envoy\u00e9 sp\u00e9cial de l\u2019UA a effectu\u00e9 douze missions de m\u00e9diation, contribuant \u00e0 une d\u00e9sescalade temporaire des violences dans l\u2019Est du pays.<\/p>\n<h2>Les d\u00e9fis de la succession<\/h2>\n<p>Sur le plan \u00e9conomique, le sommet d\u2019Abidjan de septembre 2024 a permis d\u2019adopter une position commune africaine sur la r\u00e9forme du syst\u00e8me financier international. \u00ab\u00a0<em>L\u2019Afrique doit parler d\u2019une seule voix pour faire entendre ses int\u00e9r\u00eats<\/em>\u00ab\u00a0, insistait alors le pr\u00e9sident de la Commission de l\u2019UA, Moussa Faki Mahamat.<\/p>\n<p>Alors que\u00a0<a href=\"https:\/\/www.afrik.com\/angola-france-une-visite-d-etat-de-joao-lourenco-sous-le-signe-de-la-cooperation\" target=\"_blank\" rel=\"noopener\">l\u2019Angolais Jo\u00e3o Louren\u00e7o<\/a>\u00a0s\u2019appr\u00eate \u00e0 prendre la pr\u00e9sidence en f\u00e9vrier 2025, plusieurs chantiers restent en suspens. La mise en \u0153uvre de la Zone de libre-\u00e9change continentale africaine (ZLECAf) et la r\u00e9forme du Conseil de s\u00e9curit\u00e9 de l\u2019ONU figurent parmi les priorit\u00e9s h\u00e9rit\u00e9es de la pr\u00e9sidence mauritanienne.<\/p>\n<p>\u00ab\u00a0<em>La Mauritanie a su donner un nouveau souffle \u00e0 notre organisation<\/em>\u00ab\u00a0, estime un diplomate africain bas\u00e9 \u00e0 Addis-Abeba. Un dynamisme qui devra \u00eatre maintenu face aux multiples d\u00e9fis qui attendent le continent : transitions politiques au Sahel, conflits persistants dans la Corne de l\u2019Afrique et enjeux climatiques croissants.<\/p>\n<p>Zainab Musa<\/p>\n<p><a href=\"https:\/\/www.afrik.com\/union-africaine-la-mauritanie-acheve-sa-presidence-avec-un-bilan-marque-par-la-mediation-des-conflits\">Union Africaine : la Mauritanie ach\u00e8ve sa pr\u00e9sidence avec un bilan marqu\u00e9 par la m\u00e9diation des conflits<\/a><\/p>\n<\/div>\n","protected":false},"excerpt":{"rendered":"<p>Apr\u00e8s un an \u00e0 la t\u00eate de l\u2019UA, Mohamed Ould Cheikh El Ghazouani laisse une organisation renforc\u00e9e dans son r\u00f4le de m\u00e9diateur continental. De la crise soudanaise aux tensions en RDC, la pr\u00e9sidence mauritanienne a multipli\u00e9 les initiatives diplomatiques. \u00c9lue en f\u00e9vrier 2024 \u00e0 la\u00a0pr\u00e9sidence tournante de l\u2019Union africaine (UA), la Mauritanie\u00a0succ\u00e9dait alors au Comores &hellip;<\/p>\n","protected":false},"author":2,"featured_media":13989,"comment_status":"open","ping_status":"open","sticky":false,"template":"","format":"standard","meta":{"footnotes":""},"categories":[18,29],"tags":[],"class_list":["post-13988","post","type-post","status-publish","format-standard","has-post-thumbnail","hentry","category-actualites","category-monde"],"_links":{"self":[{"href":"https:\/\/ladepeche.mr\/index.php?rest_route=\/wp\/v2\/posts\/13988","targetHints":{"allow":["GET"]}}],"collection":[{"href":"https:\/\/ladepeche.mr\/index.php?rest_route=\/wp\/v2\/posts"}],"about":[{"href":"https:\/\/ladepeche.mr\/index.php?rest_route=\/wp\/v2\/types\/post"}],"author":[{"embeddable":true,"href":"https:\/\/ladepeche.mr\/index.php?rest_route=\/wp\/v2\/users\/2"}],"replies":[{"embeddable":true,"href":"https:\/\/ladepeche.mr\/index.php?rest_route=%2Fwp%2Fv2%2Fcomments&post=13988"}],"version-history":[{"count":1,"href":"https:\/\/ladepeche.mr\/index.php?rest_route=\/wp\/v2\/posts\/13988\/revisions"}],"predecessor-version":[{"id":13990,"href":"https:\/\/ladepeche.mr\/index.php?rest_route=\/wp\/v2\/posts\/13988\/revisions\/13990"}],"wp:featuredmedia":[{"embeddable":true,"href":"https:\/\/ladepeche.mr\/index.php?rest_route=\/wp\/v2\/media\/13989"}],"wp:attachment":[{"href":"https:\/\/ladepeche.mr\/index.php?rest_route=%2Fwp%2Fv2%2Fmedia&parent=13988"}],"wp:term":[{"taxonomy":"category","embeddable":true,"href":"https:\/\/ladepeche.mr\/index.php?rest_route=%2Fwp%2Fv2%2Fcategories&post=13988"},{"taxonomy":"post_tag","embeddable":true,"href":"https:\/\/ladepeche.mr\/index.php?rest_route=%2Fwp%2Fv2%2Ftags&post=13988"}],"curies":[{"name":"wp","href":"https:\/\/api.w.org\/{rel}","templated":true}]}}